{"id":5696,"date":"2026-04-28T20:17:43","date_gmt":"2026-04-28T18:17:43","guid":{"rendered":"https:\/\/rencontres-brangues.fr\/nrb\/?p=5696"},"modified":"2026-04-28T22:09:16","modified_gmt":"2026-04-28T20:09:16","slug":"dans-la-nuit","status":"publish","type":"post","link":"https:\/\/rencontres-brangues.fr\/nrb\/dans-la-nuit\/","title":{"rendered":"DANS LA NUIT"},"content":{"rendered":"\n<h3 class=\"wp-block-heading\">projection en plein air<\/h3>\n\n\n\n<h3 class=\"wp-block-heading has-vivid-red-color has-text-color has-link-color wp-elements-6ebd8abb9d8f1459dba1dc2ea7371dcd\">SAMEDI 27 JUIN, 22h30<\/h3>\n\n\n\n<h4 class=\"wp-block-heading\">R\u00e9alis\u00e9 et interpr\u00e9t\u00e9 par Charles Vanel, avec Sandra Wilowanoff (1930)<\/h4>\n\n\n\n<div style=\"height:28px\" aria-hidden=\"true\" class=\"wp-block-spacer\"><\/div>\n\n\n\n<h4 class=\"wp-block-heading no-deco has-vivid-red-color has-text-color has-link-color wp-elements-0b4eeba4a71f6c48a964a49c5051d1b2\"><a href=\"https:\/\/rencontres-brangues.fr\/nrb\/billetterie-en-ligne\/\" data-type=\"link\" data-id=\"https:\/\/rencontres-brangues.fr\/nrb\/billetterie-en-ligne\/\">\u2192 Billetterie en ligne<\/a><\/h4>\n\n\n\n<div style=\"height:27px\" aria-hidden=\"true\" class=\"wp-block-spacer\"><\/div>\n","protected":false},"excerpt":{"rendered":"<p>projection en plein air<\/p>\n<p>SAMEDI 27 JUIN, 22h30<\/p>\n<p>R\u00e9alis\u00e9 et interpr\u00e9t\u00e9 par Charles Vanel, avec Sandra Wilowanoff (1930)<\/p>\n<p>\u2192 Billetterie en ligne<\/p>\n","protected":false},"author":1,"featured_media":0,"comment_status":"closed","ping_status":"","sticky":false,"template":"","format":"standard","meta":{"_uag_custom_page_level_css":"","site-sidebar-layout":"default","site-content-layout":"","ast-site-content-layout":"default","site-content-style":"default","site-sidebar-style":"default","ast-global-header-display":"","ast-banner-title-visibility":"","ast-main-header-display":"","ast-hfb-above-header-display":"","ast-hfb-below-header-display":"","ast-hfb-mobile-header-display":"","site-post-title":"","ast-breadcrumbs-content":"","ast-featured-img":"","footer-sml-layout":"","ast-disable-related-posts":"","theme-transparent-header-meta":"","adv-header-id-meta":"","stick-header-meta":"","header-above-stick-meta":"","header-main-stick-meta":"","header-below-stick-meta":"","astra-migrate-meta-layouts":"set","ast-page-background-enabled":"default","ast-page-background-meta":{"desktop":{"background-color":"var(--ast-global-color-4)","background-image":"","background-repeat":"repeat","background-position":"center center","background-size":"auto","background-attachment":"scroll","background-type":"","background-media":"","overlay-type":"","overlay-color":"","overlay-opacity":"","overlay-gradient":""},"tablet":{"background-color":"","background-image":"","background-repeat":"repeat","background-position":"center center","background-size":"auto","background-attachment":"scroll","background-type":"","background-media":"","overlay-type":"","overlay-color":"","overlay-opacity":"","overlay-gradient":""},"mobile":{"background-color":"","background-image":"","background-repeat":"repeat","background-position":"center center","background-size":"auto","background-attachment":"scroll","background-type":"","background-media":"","overlay-type":"","overlay-color":"","overlay-opacity":"","overlay-gradient":""}},"ast-content-background-meta":{"desktop":{"background-color":"var(--ast-global-color-5)","background-image":"","background-repeat":"repeat","background-position":"center center","background-size":"auto","background-attachment":"scroll","background-type":"","background-media":"","overlay-type":"","overlay-color":"","overlay-opacity":"","overlay-gradient":""},"tablet":{"background-color":"var(--ast-global-color-5)","background-image":"","background-repeat":"repeat","background-position":"center center","background-size":"auto","background-attachment":"scroll","background-type":"","background-media":"","overlay-type":"","overlay-color":"","overlay-opacity":"","overlay-gradient":""},"mobile":{"background-color":"var(--ast-global-color-5)","background-image":"","background-repeat":"repeat","background-position":"center center","background-size":"auto","background-attachment":"scroll","background-type":"","background-media":"","overlay-type":"","overlay-color":"","overlay-opacity":"","overlay-gradient":""}},"footnotes":""},"categories":[89,94],"tags":[],"class_list":["post-5696","post","type-post","status-publish","format-standard","hentry","category-rencontres-2026","category-projection"],"yoast_head":"<!-- This site is optimized with the Yoast SEO plugin v27.5 - https:\/\/yoast.com\/product\/yoast-seo-wordpress\/ -->\n<title>DANS LA NUIT - Rencontres de Brangues<\/title>\n<meta name=\"description\" content=\"Th\u00e9\u00e2tre et po\u00e9sie : conf\u00e9rences, concerts, expositions, spectacles, rencontres, ateliers, formations... au ch\u00e2teau de Brangues en Is\u00e8re, Domaine Paul Claudel, en itin\u00e9rance et dans les \u00e9tablissements scolaires.\" \/>\n<meta name=\"robots\" content=\"index, follow, max-snippet:-1, max-image-preview:large, max-video-preview:-1\" \/>\n<link rel=\"canonical\" href=\"https:\/\/rencontres-brangues.fr\/nrb\/dans-la-nuit\/\" \/>\n<meta property=\"og:locale\" content=\"fr_FR\" \/>\n<meta property=\"og:type\" content=\"article\" \/>\n<meta property=\"og:title\" content=\"DANS LA NUIT - Rencontres de Brangues\" \/>\n<meta property=\"og:description\" content=\"Th\u00e9\u00e2tre et po\u00e9sie : conf\u00e9rences, concerts, expositions, spectacles, rencontres, ateliers, formations... au ch\u00e2teau de Brangues en Is\u00e8re, Domaine Paul Claudel, en itin\u00e9rance et dans les \u00e9tablissements scolaires.\" \/>\n<meta property=\"og:url\" content=\"https:\/\/rencontres-brangues.fr\/nrb\/dans-la-nuit\/\" \/>\n<meta property=\"og:site_name\" content=\"Rencontres de Brangues\" \/>\n<meta property=\"article:published_time\" content=\"2026-04-28T18:17:43+00:00\" \/>\n<meta property=\"article:modified_time\" content=\"2026-04-28T20:09:16+00:00\" \/>\n<meta name=\"author\" content=\"cyber\" \/>\n<meta name=\"twitter:card\" content=\"summary_large_image\" \/>\n<meta name=\"twitter:label1\" content=\"\u00c9crit par\" \/>\n\t<meta name=\"twitter:data1\" content=\"cyber\" \/>\n<script type=\"application\/ld+json\" class=\"yoast-schema-graph\">{\"@context\":\"https:\\\/\\\/schema.org\",\"@graph\":[{\"@type\":\"Article\",\"@id\":\"https:\\\/\\\/rencontres-brangues.fr\\\/nrb\\\/dans-la-nuit\\\/#article\",\"isPartOf\":{\"@id\":\"https:\\\/\\\/rencontres-brangues.fr\\\/nrb\\\/dans-la-nuit\\\/\"},\"author\":{\"name\":\"cyber\",\"@id\":\"https:\\\/\\\/rencontres-brangues.fr\\\/nrb\\\/#\\\/schema\\\/person\\\/8efc73a47403742c42b376ce0789da85\"},\"headline\":\"DANS LA NUIT\",\"datePublished\":\"2026-04-28T18:17:43+00:00\",\"dateModified\":\"2026-04-28T20:09:16+00:00\",\"mainEntityOfPage\":{\"@id\":\"https:\\\/\\\/rencontres-brangues.fr\\\/nrb\\\/dans-la-nuit\\\/\"},\"wordCount\":24,\"publisher\":{\"@id\":\"https:\\\/\\\/rencontres-brangues.fr\\\/nrb\\\/#organization\"},\"articleSection\":[\"Rencontres 2026\",\"Projection\"],\"inLanguage\":\"fr-FR\"},{\"@type\":\"WebPage\",\"@id\":\"https:\\\/\\\/rencontres-brangues.fr\\\/nrb\\\/dans-la-nuit\\\/\",\"url\":\"https:\\\/\\\/rencontres-brangues.fr\\\/nrb\\\/dans-la-nuit\\\/\",\"name\":\"DANS LA NUIT - Rencontres de Brangues\",\"isPartOf\":{\"@id\":\"https:\\\/\\\/rencontres-brangues.fr\\\/nrb\\\/#website\"},\"datePublished\":\"2026-04-28T18:17:43+00:00\",\"dateModified\":\"2026-04-28T20:09:16+00:00\",\"description\":\"Th\u00e9\u00e2tre et po\u00e9sie : conf\u00e9rences, concerts, expositions, spectacles, rencontres, ateliers, formations... au ch\u00e2teau de Brangues en Is\u00e8re, Domaine Paul Claudel, en itin\u00e9rance et dans les \u00e9tablissements scolaires.\",\"breadcrumb\":{\"@id\":\"https:\\\/\\\/rencontres-brangues.fr\\\/nrb\\\/dans-la-nuit\\\/#breadcrumb\"},\"inLanguage\":\"fr-FR\",\"potentialAction\":[{\"@type\":\"ReadAction\",\"target\":[\"https:\\\/\\\/rencontres-brangues.fr\\\/nrb\\\/dans-la-nuit\\\/\"]}]},{\"@type\":\"BreadcrumbList\",\"@id\":\"https:\\\/\\\/rencontres-brangues.fr\\\/nrb\\\/dans-la-nuit\\\/#breadcrumb\",\"itemListElement\":[{\"@type\":\"ListItem\",\"position\":1,\"name\":\"Accueil\",\"item\":\"https:\\\/\\\/rencontres-brangues.fr\\\/nrb\\\/\"},{\"@type\":\"ListItem\",\"position\":2,\"name\":\"DANS LA NUIT\"}]},{\"@type\":\"WebSite\",\"@id\":\"https:\\\/\\\/rencontres-brangues.fr\\\/nrb\\\/#website\",\"url\":\"https:\\\/\\\/rencontres-brangues.fr\\\/nrb\\\/\",\"name\":\"Rencontres de Brangues\",\"description\":\"th\u00e9\u00e2tre, musique, po\u00e9sie\",\"publisher\":{\"@id\":\"https:\\\/\\\/rencontres-brangues.fr\\\/nrb\\\/#organization\"},\"potentialAction\":[{\"@type\":\"SearchAction\",\"target\":{\"@type\":\"EntryPoint\",\"urlTemplate\":\"https:\\\/\\\/rencontres-brangues.fr\\\/nrb\\\/?s={search_term_string}\"},\"query-input\":{\"@type\":\"PropertyValueSpecification\",\"valueRequired\":true,\"valueName\":\"search_term_string\"}}],\"inLanguage\":\"fr-FR\"},{\"@type\":\"Organization\",\"@id\":\"https:\\\/\\\/rencontres-brangues.fr\\\/nrb\\\/#organization\",\"name\":\"Nouvelles Rencontres de Brangues\",\"url\":\"https:\\\/\\\/rencontres-brangues.fr\\\/nrb\\\/\",\"logo\":{\"@type\":\"ImageObject\",\"inLanguage\":\"fr-FR\",\"@id\":\"https:\\\/\\\/rencontres-brangues.fr\\\/nrb\\\/#\\\/schema\\\/logo\\\/image\\\/\",\"url\":\"https:\\\/\\\/www.rencontres-brangues.fr\\\/nrb\\\/wp-content\\\/uploads\\\/petit-logo-nrb.png\",\"contentUrl\":\"https:\\\/\\\/www.rencontres-brangues.fr\\\/nrb\\\/wp-content\\\/uploads\\\/petit-logo-nrb.png\",\"width\":306,\"height\":306,\"caption\":\"Nouvelles Rencontres de Brangues\"},\"image\":{\"@id\":\"https:\\\/\\\/rencontres-brangues.fr\\\/nrb\\\/#\\\/schema\\\/logo\\\/image\\\/\"}},{\"@type\":\"Person\",\"@id\":\"https:\\\/\\\/rencontres-brangues.fr\\\/nrb\\\/#\\\/schema\\\/person\\\/8efc73a47403742c42b376ce0789da85\",\"name\":\"cyber\",\"sameAs\":[\"https:\\\/\\\/www.rencontres-brangues.fr\\\/nrb\"]}]}<\/script>\n<!-- \/ Yoast SEO plugin. -->","yoast_head_json":{"title":"DANS LA NUIT - Rencontres de Brangues","description":"Th\u00e9\u00e2tre et po\u00e9sie : conf\u00e9rences, concerts, expositions, spectacles, rencontres, ateliers, formations... au ch\u00e2teau de Brangues en Is\u00e8re, Domaine Paul Claudel, en itin\u00e9rance et dans les \u00e9tablissements scolaires.","robots":{"index":"index","follow":"follow","max-snippet":"max-snippet:-1","max-image-preview":"max-image-preview:large","max-video-preview":"max-video-preview:-1"},"canonical":"https:\/\/rencontres-brangues.fr\/nrb\/dans-la-nuit\/","og_locale":"fr_FR","og_type":"article","og_title":"DANS LA NUIT - Rencontres de Brangues","og_description":"Th\u00e9\u00e2tre et po\u00e9sie : conf\u00e9rences, concerts, expositions, spectacles, rencontres, ateliers, formations... au ch\u00e2teau de Brangues en Is\u00e8re, Domaine Paul Claudel, en itin\u00e9rance et dans les \u00e9tablissements scolaires.","og_url":"https:\/\/rencontres-brangues.fr\/nrb\/dans-la-nuit\/","og_site_name":"Rencontres de Brangues","article_published_time":"2026-04-28T18:17:43+00:00","article_modified_time":"2026-04-28T20:09:16+00:00","author":"cyber","twitter_card":"summary_large_image","twitter_misc":{"\u00c9crit par":"cyber"},"schema":{"@context":"https:\/\/schema.org","@graph":[{"@type":"Article","@id":"https:\/\/rencontres-brangues.fr\/nrb\/dans-la-nuit\/#article","isPartOf":{"@id":"https:\/\/rencontres-brangues.fr\/nrb\/dans-la-nuit\/"},"author":{"name":"cyber","@id":"https:\/\/rencontres-brangues.fr\/nrb\/#\/schema\/person\/8efc73a47403742c42b376ce0789da85"},"headline":"DANS LA NUIT","datePublished":"2026-04-28T18:17:43+00:00","dateModified":"2026-04-28T20:09:16+00:00","mainEntityOfPage":{"@id":"https:\/\/rencontres-brangues.fr\/nrb\/dans-la-nuit\/"},"wordCount":24,"publisher":{"@id":"https:\/\/rencontres-brangues.fr\/nrb\/#organization"},"articleSection":["Rencontres 2026","Projection"],"inLanguage":"fr-FR"},{"@type":"WebPage","@id":"https:\/\/rencontres-brangues.fr\/nrb\/dans-la-nuit\/","url":"https:\/\/rencontres-brangues.fr\/nrb\/dans-la-nuit\/","name":"DANS LA NUIT - Rencontres de Brangues","isPartOf":{"@id":"https:\/\/rencontres-brangues.fr\/nrb\/#website"},"datePublished":"2026-04-28T18:17:43+00:00","dateModified":"2026-04-28T20:09:16+00:00","description":"Th\u00e9\u00e2tre et po\u00e9sie : conf\u00e9rences, concerts, expositions, spectacles, rencontres, ateliers, formations... au ch\u00e2teau de Brangues en Is\u00e8re, Domaine Paul Claudel, en itin\u00e9rance et dans les \u00e9tablissements scolaires.","breadcrumb":{"@id":"https:\/\/rencontres-brangues.fr\/nrb\/dans-la-nuit\/#breadcrumb"},"inLanguage":"fr-FR","potentialAction":[{"@type":"ReadAction","target":["https:\/\/rencontres-brangues.fr\/nrb\/dans-la-nuit\/"]}]},{"@type":"BreadcrumbList","@id":"https:\/\/rencontres-brangues.fr\/nrb\/dans-la-nuit\/#breadcrumb","itemListElement":[{"@type":"ListItem","position":1,"name":"Accueil","item":"https:\/\/rencontres-brangues.fr\/nrb\/"},{"@type":"ListItem","position":2,"name":"DANS LA NUIT"}]},{"@type":"WebSite","@id":"https:\/\/rencontres-brangues.fr\/nrb\/#website","url":"https:\/\/rencontres-brangues.fr\/nrb\/","name":"Rencontres de Brangues","description":"th\u00e9\u00e2tre, musique, po\u00e9sie","publisher":{"@id":"https:\/\/rencontres-brangues.fr\/nrb\/#organization"},"potentialAction":[{"@type":"SearchAction","target":{"@type":"EntryPoint","urlTemplate":"https:\/\/rencontres-brangues.fr\/nrb\/?s={search_term_string}"},"query-input":{"@type":"PropertyValueSpecification","valueRequired":true,"valueName":"search_term_string"}}],"inLanguage":"fr-FR"},{"@type":"Organization","@id":"https:\/\/rencontres-brangues.fr\/nrb\/#organization","name":"Nouvelles Rencontres de Brangues","url":"https:\/\/rencontres-brangues.fr\/nrb\/","logo":{"@type":"ImageObject","inLanguage":"fr-FR","@id":"https:\/\/rencontres-brangues.fr\/nrb\/#\/schema\/logo\/image\/","url":"https:\/\/www.rencontres-brangues.fr\/nrb\/wp-content\/uploads\/petit-logo-nrb.png","contentUrl":"https:\/\/www.rencontres-brangues.fr\/nrb\/wp-content\/uploads\/petit-logo-nrb.png","width":306,"height":306,"caption":"Nouvelles Rencontres de Brangues"},"image":{"@id":"https:\/\/rencontres-brangues.fr\/nrb\/#\/schema\/logo\/image\/"}},{"@type":"Person","@id":"https:\/\/rencontres-brangues.fr\/nrb\/#\/schema\/person\/8efc73a47403742c42b376ce0789da85","name":"cyber","sameAs":["https:\/\/www.rencontres-brangues.fr\/nrb"]}]}},"uagb_featured_image_src":{"full":false,"thumbnail":false,"medium":false,"medium_large":false,"large":false,"1536x1536":false,"2048x2048":false,"woocommerce_thumbnail":false,"woocommerce_single":false,"woocommerce_gallery_thumbnail":false},"uagb_author_info":{"display_name":"cyber","author_link":"https:\/\/rencontres-brangues.fr\/nrb\/author\/cyber\/"},"uagb_comment_info":0,"uagb_excerpt":"projection en plein air SAMEDI 27 JUIN, 22h30 R\u00e9alis\u00e9 et interpr\u00e9t\u00e9 par Charles Vanel, avec Sandra Wilowanoff (1930) \u2192 Billetterie en ligne","_links":{"self":[{"href":"https:\/\/rencontres-brangues.fr\/nrb\/wp-json\/wp\/v2\/posts\/5696","targetHints":{"allow":["GET"]}}],"collection":[{"href":"https:\/\/rencontres-brangues.fr\/nrb\/wp-json\/wp\/v2\/posts"}],"about":[{"href":"https:\/\/rencontres-brangues.fr\/nrb\/wp-json\/wp\/v2\/types\/post"}],"author":[{"embeddable":true,"href":"https:\/\/rencontres-brangues.fr\/nrb\/wp-json\/wp\/v2\/users\/1"}],"replies":[{"embeddable":true,"href":"https:\/\/rencontres-brangues.fr\/nrb\/wp-json\/wp\/v2\/comments?post=5696"}],"version-history":[{"count":2,"href":"https:\/\/rencontres-brangues.fr\/nrb\/wp-json\/wp\/v2\/posts\/5696\/revisions"}],"predecessor-version":[{"id":5734,"href":"https:\/\/rencontres-brangues.fr\/nrb\/wp-json\/wp\/v2\/posts\/5696\/revisions\/5734"}],"wp:attachment":[{"href":"https:\/\/rencontres-brangues.fr\/nrb\/wp-json\/wp\/v2\/media?parent=5696"}],"wp:term":[{"taxonomy":"category","embeddable":true,"href":"https:\/\/rencontres-brangues.fr\/nrb\/wp-json\/wp\/v2\/categories?post=5696"},{"taxonomy":"post_tag","embeddable":true,"href":"https:\/\/rencontres-brangues.fr\/nrb\/wp-json\/wp\/v2\/tags?post=5696"}],"curies":[{"name":"wp","href":"https:\/\/api.w.org\/{rel}","templated":true}]}}