{"id":3145,"date":"2023-09-05T23:18:19","date_gmt":"2023-09-05T21:18:19","guid":{"rendered":"https:\/\/rencontres-brangues.fr\/nrb\/?p=3145"},"modified":"2024-01-30T17:45:16","modified_gmt":"2024-01-30T16:45:16","slug":"journees-du-patrimoine-2023","status":"publish","type":"post","link":"https:\/\/rencontres-brangues.fr\/nrb\/journees-du-patrimoine-2023\/","title":{"rendered":"Journ\u00e9es du Patrimoine 2023"},"content":{"rendered":"\n<figure class=\"wp-block-image aligncenter size-large is-resized\"><img loading=\"lazy\" decoding=\"async\" src=\"https:\/\/rencontres-brangues.fr\/nrb\/wp-content\/uploads\/JEP_facebook_Post_1080x1080-1024x1024.jpg\" alt=\"\" class=\"wp-image-3170\" width=\"256\" height=\"256\" srcset=\"https:\/\/rencontres-brangues.fr\/nrb\/wp-content\/uploads\/JEP_facebook_Post_1080x1080-1024x1024.jpg 1024w, https:\/\/rencontres-brangues.fr\/nrb\/wp-content\/uploads\/JEP_facebook_Post_1080x1080-150x150.jpg 150w, https:\/\/rencontres-brangues.fr\/nrb\/wp-content\/uploads\/JEP_facebook_Post_1080x1080-300x300.jpg 300w, https:\/\/rencontres-brangues.fr\/nrb\/wp-content\/uploads\/JEP_facebook_Post_1080x1080-768x768.jpg 768w, https:\/\/rencontres-brangues.fr\/nrb\/wp-content\/uploads\/JEP_facebook_Post_1080x1080-600x600.jpg 600w, https:\/\/rencontres-brangues.fr\/nrb\/wp-content\/uploads\/JEP_facebook_Post_1080x1080-100x100.jpg 100w, https:\/\/rencontres-brangues.fr\/nrb\/wp-content\/uploads\/JEP_facebook_Post_1080x1080.jpg 1080w\" sizes=\"auto, (max-width: 256px) 100vw, 256px\" \/><\/figure>\n\n\n\n<h3 class=\"wp-block-heading\">Visites guid\u00e9es du ch\u00e2teau<br>Samedi 16 septembre et dimanche 17 septembre<\/h3>\n\n\n\n<figure class=\"wp-block-gallery has-nested-images columns-4 is-cropped wp-block-gallery-1 is-layout-flex wp-block-gallery-is-layout-flex\">\n<figure class=\"wp-block-image size-large\"><a href=\"https:\/\/rencontres-brangues.fr\/nrb\/wp-content\/uploads\/photos\/photos_chateau-de-brangues-38_b.jpg\"><img loading=\"lazy\" decoding=\"async\" width=\"1020\" height=\"683\" data-id=\"313\" src=\"https:\/\/rencontres-brangues.fr\/nrb\/wp-content\/uploads\/photos\/photos_chateau-de-brangues-38_b.jpg\" alt=\"chateau-de-brangues-38_b\" class=\"wp-image-313\" srcset=\"https:\/\/rencontres-brangues.fr\/nrb\/wp-content\/uploads\/photos\/photos_chateau-de-brangues-38_b.jpg 1020w, https:\/\/rencontres-brangues.fr\/nrb\/wp-content\/uploads\/photos\/photos_chateau-de-brangues-38_b-300x201.jpg 300w, https:\/\/rencontres-brangues.fr\/nrb\/wp-content\/uploads\/photos\/photos_chateau-de-brangues-38_b-768x514.jpg 768w, https:\/\/rencontres-brangues.fr\/nrb\/wp-content\/uploads\/photos\/photos_chateau-de-brangues-38_b-600x402.jpg 600w\" sizes=\"auto, (max-width: 1020px) 100vw, 1020px\" \/><\/a><\/figure>\n\n\n\n<figure class=\"wp-block-image size-large\"><a href=\"https:\/\/rencontres-brangues.fr\/nrb\/wp-content\/uploads\/photos\/photos_chateau-de-brangues-38_f_640x597.jpg\"><img loading=\"lazy\" decoding=\"async\" width=\"640\" height=\"597\" data-id=\"314\" src=\"https:\/\/rencontres-brangues.fr\/nrb\/wp-content\/uploads\/photos\/photos_chateau-de-brangues-38_f_640x597.jpg\" alt=\"chateau-de-brangues-38_f_640x597\" class=\"wp-image-314\" srcset=\"https:\/\/rencontres-brangues.fr\/nrb\/wp-content\/uploads\/photos\/photos_chateau-de-brangues-38_f_640x597.jpg 640w, https:\/\/rencontres-brangues.fr\/nrb\/wp-content\/uploads\/photos\/photos_chateau-de-brangues-38_f_640x597-300x280.jpg 300w, https:\/\/rencontres-brangues.fr\/nrb\/wp-content\/uploads\/photos\/photos_chateau-de-brangues-38_f_640x597-600x560.jpg 600w\" sizes=\"auto, (max-width: 640px) 100vw, 640px\" \/><\/a><\/figure>\n\n\n\n<figure class=\"wp-block-image size-large\"><a href=\"https:\/\/rencontres-brangues.fr\/nrb\/wp-content\/uploads\/photos\/photos_le_parc_2_0.jpg\"><img loading=\"lazy\" decoding=\"async\" width=\"1000\" height=\"666\" data-id=\"310\" src=\"https:\/\/rencontres-brangues.fr\/nrb\/wp-content\/uploads\/photos\/photos_le_parc_2_0.jpg\" alt=\"le_parc_2\" class=\"wp-image-310\" srcset=\"https:\/\/rencontres-brangues.fr\/nrb\/wp-content\/uploads\/photos\/photos_le_parc_2_0.jpg 1000w, https:\/\/rencontres-brangues.fr\/nrb\/wp-content\/uploads\/photos\/photos_le_parc_2_0-300x200.jpg 300w, https:\/\/rencontres-brangues.fr\/nrb\/wp-content\/uploads\/photos\/photos_le_parc_2_0-768x511.jpg 768w, https:\/\/rencontres-brangues.fr\/nrb\/wp-content\/uploads\/photos\/photos_le_parc_2_0-600x400.jpg 600w\" sizes=\"auto, (max-width: 1000px) 100vw, 1000px\" \/><\/a><\/figure>\n\n\n\n<figure class=\"wp-block-image size-large\"><a href=\"https:\/\/rencontres-brangues.fr\/nrb\/wp-content\/uploads\/photos\/photos_lorangerie_0.jpg\"><img loading=\"lazy\" decoding=\"async\" width=\"1599\" height=\"1065\" data-id=\"307\" src=\"https:\/\/rencontres-brangues.fr\/nrb\/wp-content\/uploads\/photos\/photos_lorangerie_0.jpg\" alt=\"L'Orangerie\" class=\"wp-image-307\" srcset=\"https:\/\/rencontres-brangues.fr\/nrb\/wp-content\/uploads\/photos\/photos_lorangerie_0.jpg 1599w, https:\/\/rencontres-brangues.fr\/nrb\/wp-content\/uploads\/photos\/photos_lorangerie_0-300x200.jpg 300w, https:\/\/rencontres-brangues.fr\/nrb\/wp-content\/uploads\/photos\/photos_lorangerie_0-768x512.jpg 768w, https:\/\/rencontres-brangues.fr\/nrb\/wp-content\/uploads\/photos\/photos_lorangerie_0-1024x682.jpg 1024w, https:\/\/rencontres-brangues.fr\/nrb\/wp-content\/uploads\/photos\/photos_lorangerie_0-1536x1023.jpg 1536w, https:\/\/rencontres-brangues.fr\/nrb\/wp-content\/uploads\/photos\/photos_lorangerie_0-600x400.jpg 600w\" sizes=\"auto, (max-width: 1599px) 100vw, 1599px\" \/><\/a><\/figure>\n<\/figure>\n\n\n\n<ul class=\"wp-block-list\">\n<li>De 14h00 \u00e0 15h00 Visite sur le th\u00e8me architectural, par Donatien Nantet <\/li>\n\n\n\n<li>De 15h00 \u00e0 16h00 Visite sur le th\u00e8me de l&rsquo;\u00e9crivain Paul Claudel au ch\u00e2teau de Brangues, par Marie-Victoire Nantet,<\/li>\n\n\n\n<li>De 16h00 \u00e0 17h00 Visite sur le th\u00e8me de l&rsquo;histoire des ch\u00e2telains de Brangues, par Donatien Nantet<\/li>\n<\/ul>\n\n\n\n<p>L\u00b9acc\u00e8s au parc et \u00e0 la tombe de Paul Claudel est libre.<br>Un espace de librairie sera ouvert \u00e0 l\u00b9entr\u00e9e du ch\u00e2teau.<br>Dans le pavillon seront expos\u00e9s 10 panneaux sur le th\u00e8me de Paul Claudel et sa pr\u00e9sence \u00e0 Brangues.<\/p>\n\n\n\n<p>Fermeture du site vers 18h30<\/p>\n\n\n\n<p><strong>Tarif de la visite : <\/strong>5 euros (gratuit jusqu\u2019\u00e0 14 ans inclus)<br><strong>Groupes : <\/strong>30 personnes maximum<br><a href=\"https:\/\/rencontres-brangues.fr\/nrb\/contact\/\" data-type=\"post\" data-id=\"208\"><strong>\u2192 informations et inscription<\/strong><\/a><br><\/p>\n\n\n\n<h3 class=\"wp-block-heading\"><a href=\"https:\/\/rencontres-brangues.fr\/nrb\/fireworks-les-grands-maitres-de-la-renaissance\/\" data-type=\"post\" data-id=\"3161\">Concert de l&rsquo;Ensemble Tarentule<\/a><br>Dimanche 17 septembre \u00e0 17h00<\/h3>\n\n\n\n<figure class=\"wp-block-image aligncenter size-large is-resized\"><img loading=\"lazy\" decoding=\"async\" src=\"https:\/\/rencontres-brangues.fr\/nrb\/wp-content\/uploads\/Tarentule-1024x678.png\" alt=\"\" class=\"wp-image-3146\" width=\"512\" height=\"339\" srcset=\"https:\/\/rencontres-brangues.fr\/nrb\/wp-content\/uploads\/Tarentule-1024x678.png 1024w, https:\/\/rencontres-brangues.fr\/nrb\/wp-content\/uploads\/Tarentule-300x199.png 300w, https:\/\/rencontres-brangues.fr\/nrb\/wp-content\/uploads\/Tarentule-768x509.png 768w, https:\/\/rencontres-brangues.fr\/nrb\/wp-content\/uploads\/Tarentule-600x397.png 600w, https:\/\/rencontres-brangues.fr\/nrb\/wp-content\/uploads\/Tarentule.png 1300w\" sizes=\"auto, (max-width: 512px) 100vw, 512px\" \/><\/figure>\n\n\n\n<p><strong>Concert pour 5 voix a cappella<\/strong><\/p>\n\n\n\n<p><strong>\u0152uvres de Giaches de Wert, Luca Marenzio, Claudio Monteverdi, Jan Pieter Sweelinck, Carlo Gesualdo et Adriano Banchieri<\/strong><\/p>\n\n\n\n<p>Polyphonies de la Renaissance, dans le cadre du 10<sup>\u00e8me<\/sup> anniversaire de l\u2019Ensemble Tarentule (dir. C\u00e9cil Gallois et Xavier de Lignerolles)<br>Voici dix ann\u00e9es que l\u2019Ensemble Tarentule tisse patiemment sa toile, discr\u00e8tement, loin des tumultes du monde. Dix ann\u00e9es \u00e0 peaufiner un style, \u00e0 polir un vocabulaire, \u00e0 ciseler les motifs madrigalesques, \u00e0 aiguiser le mordant des fulgurances.<br>Dans un feu d&rsquo;artifice de notes et de vocalit\u00e9s sont convi\u00e9s tous leurs compagnons de route, les plus fid\u00e8les, pas toujours les plus connus, mais certainement les meilleurs d\u2019entre tous ! <\/p>\n\n\n\n<div class=\"wp-block-buttons is-content-justification-center is-layout-flex wp-container-core-buttons-is-layout-a89b3969 wp-block-buttons-is-layout-flex\">\n<div class=\"wp-block-button\"><a class=\"wp-block-button__link wp-element-button\" href=\"https:\/\/www.billetweb.fr\/fireworks1\">R\u00e9servation<\/a><\/div>\n<\/div>\n\n\n\n<p><strong>Tarif plein : <\/strong>12 euros<br><strong>Tarif r\u00e9duit : <\/strong>8 euros (moins de 18 ans, \u00e9tudiants, adh\u00e9rents NRB, demandeurs d&#8217;emploi, allocataires RSA &#8211; sur pr\u00e9sentation de justificatif)<br><em>(R\u00e8glement sur place)<br><\/em><br><a href=\"https:\/\/rencontres-brangues.fr\/nrb\/contact\/\" data-type=\"post\" data-id=\"208\"><strong>\u2192 <\/strong><\/a><strong><a href=\"https:\/\/rencontres-brangues.fr\/nrb\/contact\/\">informations<\/a><\/strong><br><\/p>\n","protected":false},"excerpt":{"rendered":"<p>Visites guid\u00e9es du ch\u00e2teau<\/strong><br \/>\nSam 16 et dim 17 septembre<br \/>\n14h00 \u00e0 17h00<\/p>\n<p><\/strong>Concert de l&rsquo;Ensemble Tarentule<\/strong><br \/>\nDim 17 septembre \u00e0 17h00<\/p>\n<p>Libre acc\u00e8s au parc et \u00e0 la tombe de Paul Claudel.<br \/>\nUn espace de librairie sera ouvert \u00e0  l\u00b9entr\u00e9e du ch\u00e2teau.<br \/>\nDans le pavillon : 10 panneaux sur le th\u00e8me de Paul Claudel et sa pr\u00e9sence \u00e0 Brangues.<\/p>\n","protected":false},"author":11,"featured_media":0,"comment_status":"closed","ping_status":"closed","sticky":false,"template":"","format":"standard","meta":{"_uag_custom_page_level_css":"","site-sidebar-layout":"default","site-content-layout":"","ast-site-content-layout":"default","site-content-style":"default","site-sidebar-style":"default","ast-global-header-display":"","ast-banner-title-visibility":"","ast-main-header-display":"","ast-hfb-above-header-display":"","ast-hfb-below-header-display":"","ast-hfb-mobile-header-display":"","site-post-title":"","ast-breadcrumbs-content":"","ast-featured-img":"","footer-sml-layout":"","ast-disable-related-posts":"","theme-transparent-header-meta":"","adv-header-id-meta":"","stick-header-meta":"","header-above-stick-meta":"","header-main-stick-meta":"","header-below-stick-meta":"","astra-migrate-meta-layouts":"default","ast-page-background-enabled":"default","ast-page-background-meta":{"desktop":{"background-color":"var(--ast-global-color-4)","background-image":"","background-repeat":"repeat","background-position":"center center","background-size":"auto","background-attachment":"scroll","background-type":"","background-media":"","overlay-type":"","overlay-color":"","overlay-opacity":"","overlay-gradient":""},"tablet":{"background-color":"","background-image":"","background-repeat":"repeat","background-position":"center center","background-size":"auto","background-attachment":"scroll","background-type":"","background-media":"","overlay-type":"","overlay-color":"","overlay-opacity":"","overlay-gradient":""},"mobile":{"background-color":"","background-image":"","background-repeat":"repeat","background-position":"center center","background-size":"auto","background-attachment":"scroll","background-type":"","background-media":"","overlay-type":"","overlay-color":"","overlay-opacity":"","overlay-gradient":""}},"ast-content-background-meta":{"desktop":{"background-color":"var(--ast-global-color-5)","background-image":"","background-repeat":"repeat","background-position":"center center","background-size":"auto","background-attachment":"scroll","background-type":"","background-media":"","overlay-type":"","overlay-color":"","overlay-opacity":"","overlay-gradient":""},"tablet":{"background-color":"var(--ast-global-color-5)","background-image":"","background-repeat":"repeat","background-position":"center center","background-size":"auto","background-attachment":"scroll","background-type":"","background-media":"","overlay-type":"","overlay-color":"","overlay-opacity":"","overlay-gradient":""},"mobile":{"background-color":"var(--ast-global-color-5)","background-image":"","background-repeat":"repeat","background-position":"center center","background-size":"auto","background-attachment":"scroll","background-type":"","background-media":"","overlay-type":"","overlay-color":"","overlay-opacity":"","overlay-gradient":""}},"footnotes":""},"categories":[19,20],"tags":[],"class_list":["post-3145","post","type-post","status-publish","format-standard","hentry","category-patrimoine","category-archives"],"yoast_head":"<!-- This site is optimized with the Yoast SEO plugin v27.5 - https:\/\/yoast.com\/product\/yoast-seo-wordpress\/ -->\n<title>Journ\u00e9es du Patrimoine 2023 - Rencontres de Brangues<\/title>\n<meta name=\"description\" content=\"Th\u00e9\u00e2tre et po\u00e9sie : conf\u00e9rences, concerts, expositions, spectacles, rencontres, ateliers, formations... au ch\u00e2teau de Brangues en Is\u00e8re, Domaine Paul Claudel, en itin\u00e9rance et dans les \u00e9tablissements scolaires.\" \/>\n<meta name=\"robots\" content=\"index, follow, max-snippet:-1, max-image-preview:large, max-video-preview:-1\" \/>\n<link rel=\"canonical\" href=\"https:\/\/rencontres-brangues.fr\/nrb\/journees-du-patrimoine-2023\/\" \/>\n<meta property=\"og:locale\" content=\"fr_FR\" \/>\n<meta property=\"og:type\" content=\"article\" \/>\n<meta property=\"og:title\" content=\"Journ\u00e9es du Patrimoine 2023 - Rencontres de Brangues\" \/>\n<meta property=\"og:description\" content=\"Th\u00e9\u00e2tre et po\u00e9sie : conf\u00e9rences, concerts, expositions, spectacles, rencontres, ateliers, formations... au ch\u00e2teau de Brangues en Is\u00e8re, Domaine Paul Claudel, en itin\u00e9rance et dans les \u00e9tablissements scolaires.\" \/>\n<meta property=\"og:url\" content=\"https:\/\/rencontres-brangues.fr\/nrb\/journees-du-patrimoine-2023\/\" \/>\n<meta property=\"og:site_name\" content=\"Rencontres de Brangues\" \/>\n<meta property=\"article:published_time\" content=\"2023-09-05T21:18:19+00:00\" \/>\n<meta property=\"article:modified_time\" content=\"2024-01-30T16:45:16+00:00\" \/>\n<meta property=\"og:image\" content=\"https:\/\/rencontres-brangues.fr\/nrb\/wp-content\/uploads\/JEP_facebook_Post_1080x1080-1024x1024.jpg\" \/>\n<meta name=\"author\" content=\"J\u00e9r\u00f4me de Lignerolles\" \/>\n<meta name=\"twitter:card\" content=\"summary_large_image\" \/>\n<meta name=\"twitter:label1\" content=\"\u00c9crit par\" \/>\n\t<meta name=\"twitter:data1\" content=\"J\u00e9r\u00f4me de Lignerolles\" \/>\n\t<meta name=\"twitter:label2\" content=\"Dur\u00e9e de lecture estim\u00e9e\" \/>\n\t<meta name=\"twitter:data2\" content=\"1 minute\" \/>\n<script type=\"application\/ld+json\" class=\"yoast-schema-graph\">{\"@context\":\"https:\\\/\\\/schema.org\",\"@graph\":[{\"@type\":\"Article\",\"@id\":\"https:\\\/\\\/rencontres-brangues.fr\\\/nrb\\\/journees-du-patrimoine-2023\\\/#article\",\"isPartOf\":{\"@id\":\"https:\\\/\\\/rencontres-brangues.fr\\\/nrb\\\/journees-du-patrimoine-2023\\\/\"},\"author\":{\"name\":\"J\u00e9r\u00f4me de Lignerolles\",\"@id\":\"https:\\\/\\\/rencontres-brangues.fr\\\/nrb\\\/#\\\/schema\\\/person\\\/8970d554b4d5514d311156e9d62d87fd\"},\"headline\":\"Journ\u00e9es du Patrimoine 2023\",\"datePublished\":\"2023-09-05T21:18:19+00:00\",\"dateModified\":\"2024-01-30T16:45:16+00:00\",\"mainEntityOfPage\":{\"@id\":\"https:\\\/\\\/rencontres-brangues.fr\\\/nrb\\\/journees-du-patrimoine-2023\\\/\"},\"wordCount\":286,\"publisher\":{\"@id\":\"https:\\\/\\\/rencontres-brangues.fr\\\/nrb\\\/#organization\"},\"image\":{\"@id\":\"https:\\\/\\\/rencontres-brangues.fr\\\/nrb\\\/journees-du-patrimoine-2023\\\/#primaryimage\"},\"thumbnailUrl\":\"https:\\\/\\\/rencontres-brangues.fr\\\/nrb\\\/wp-content\\\/uploads\\\/JEP_facebook_Post_1080x1080-1024x1024.jpg\",\"articleSection\":[\"Journ\u00e9es du patrimoine\",\"Archives\"],\"inLanguage\":\"fr-FR\"},{\"@type\":\"WebPage\",\"@id\":\"https:\\\/\\\/rencontres-brangues.fr\\\/nrb\\\/journees-du-patrimoine-2023\\\/\",\"url\":\"https:\\\/\\\/rencontres-brangues.fr\\\/nrb\\\/journees-du-patrimoine-2023\\\/\",\"name\":\"Journ\u00e9es du Patrimoine 2023 - Rencontres de Brangues\",\"isPartOf\":{\"@id\":\"https:\\\/\\\/rencontres-brangues.fr\\\/nrb\\\/#website\"},\"primaryImageOfPage\":{\"@id\":\"https:\\\/\\\/rencontres-brangues.fr\\\/nrb\\\/journees-du-patrimoine-2023\\\/#primaryimage\"},\"image\":{\"@id\":\"https:\\\/\\\/rencontres-brangues.fr\\\/nrb\\\/journees-du-patrimoine-2023\\\/#primaryimage\"},\"thumbnailUrl\":\"https:\\\/\\\/rencontres-brangues.fr\\\/nrb\\\/wp-content\\\/uploads\\\/JEP_facebook_Post_1080x1080-1024x1024.jpg\",\"datePublished\":\"2023-09-05T21:18:19+00:00\",\"dateModified\":\"2024-01-30T16:45:16+00:00\",\"description\":\"Th\u00e9\u00e2tre et po\u00e9sie : conf\u00e9rences, concerts, expositions, spectacles, rencontres, ateliers, formations... au ch\u00e2teau de Brangues en Is\u00e8re, Domaine Paul Claudel, en itin\u00e9rance et dans les \u00e9tablissements scolaires.\",\"breadcrumb\":{\"@id\":\"https:\\\/\\\/rencontres-brangues.fr\\\/nrb\\\/journees-du-patrimoine-2023\\\/#breadcrumb\"},\"inLanguage\":\"fr-FR\",\"potentialAction\":[{\"@type\":\"ReadAction\",\"target\":[\"https:\\\/\\\/rencontres-brangues.fr\\\/nrb\\\/journees-du-patrimoine-2023\\\/\"]}]},{\"@type\":\"ImageObject\",\"inLanguage\":\"fr-FR\",\"@id\":\"https:\\\/\\\/rencontres-brangues.fr\\\/nrb\\\/journees-du-patrimoine-2023\\\/#primaryimage\",\"url\":\"https:\\\/\\\/rencontres-brangues.fr\\\/nrb\\\/wp-content\\\/uploads\\\/JEP_facebook_Post_1080x1080.jpg\",\"contentUrl\":\"https:\\\/\\\/rencontres-brangues.fr\\\/nrb\\\/wp-content\\\/uploads\\\/JEP_facebook_Post_1080x1080.jpg\",\"width\":1080,\"height\":1080},{\"@type\":\"BreadcrumbList\",\"@id\":\"https:\\\/\\\/rencontres-brangues.fr\\\/nrb\\\/journees-du-patrimoine-2023\\\/#breadcrumb\",\"itemListElement\":[{\"@type\":\"ListItem\",\"position\":1,\"name\":\"Accueil\",\"item\":\"https:\\\/\\\/rencontres-brangues.fr\\\/nrb\\\/\"},{\"@type\":\"ListItem\",\"position\":2,\"name\":\"Journ\u00e9es du Patrimoine 2023\"}]},{\"@type\":\"WebSite\",\"@id\":\"https:\\\/\\\/rencontres-brangues.fr\\\/nrb\\\/#website\",\"url\":\"https:\\\/\\\/rencontres-brangues.fr\\\/nrb\\\/\",\"name\":\"Rencontres de Brangues\",\"description\":\"th\u00e9\u00e2tre, musique, po\u00e9sie\",\"publisher\":{\"@id\":\"https:\\\/\\\/rencontres-brangues.fr\\\/nrb\\\/#organization\"},\"potentialAction\":[{\"@type\":\"SearchAction\",\"target\":{\"@type\":\"EntryPoint\",\"urlTemplate\":\"https:\\\/\\\/rencontres-brangues.fr\\\/nrb\\\/?s={search_term_string}\"},\"query-input\":{\"@type\":\"PropertyValueSpecification\",\"valueRequired\":true,\"valueName\":\"search_term_string\"}}],\"inLanguage\":\"fr-FR\"},{\"@type\":\"Organization\",\"@id\":\"https:\\\/\\\/rencontres-brangues.fr\\\/nrb\\\/#organization\",\"name\":\"Nouvelles Rencontres de Brangues\",\"url\":\"https:\\\/\\\/rencontres-brangues.fr\\\/nrb\\\/\",\"logo\":{\"@type\":\"ImageObject\",\"inLanguage\":\"fr-FR\",\"@id\":\"https:\\\/\\\/rencontres-brangues.fr\\\/nrb\\\/#\\\/schema\\\/logo\\\/image\\\/\",\"url\":\"https:\\\/\\\/www.rencontres-brangues.fr\\\/nrb\\\/wp-content\\\/uploads\\\/petit-logo-nrb.png\",\"contentUrl\":\"https:\\\/\\\/www.rencontres-brangues.fr\\\/nrb\\\/wp-content\\\/uploads\\\/petit-logo-nrb.png\",\"width\":306,\"height\":306,\"caption\":\"Nouvelles Rencontres de Brangues\"},\"image\":{\"@id\":\"https:\\\/\\\/rencontres-brangues.fr\\\/nrb\\\/#\\\/schema\\\/logo\\\/image\\\/\"}},{\"@type\":\"Person\",\"@id\":\"https:\\\/\\\/rencontres-brangues.fr\\\/nrb\\\/#\\\/schema\\\/person\\\/8970d554b4d5514d311156e9d62d87fd\",\"name\":\"J\u00e9r\u00f4me de Lignerolles\"}]}<\/script>\n<!-- \/ Yoast SEO plugin. -->","yoast_head_json":{"title":"Journ\u00e9es du Patrimoine 2023 - Rencontres de Brangues","description":"Th\u00e9\u00e2tre et po\u00e9sie : conf\u00e9rences, concerts, expositions, spectacles, rencontres, ateliers, formations... au ch\u00e2teau de Brangues en Is\u00e8re, Domaine Paul Claudel, en itin\u00e9rance et dans les \u00e9tablissements scolaires.","robots":{"index":"index","follow":"follow","max-snippet":"max-snippet:-1","max-image-preview":"max-image-preview:large","max-video-preview":"max-video-preview:-1"},"canonical":"https:\/\/rencontres-brangues.fr\/nrb\/journees-du-patrimoine-2023\/","og_locale":"fr_FR","og_type":"article","og_title":"Journ\u00e9es du Patrimoine 2023 - Rencontres de Brangues","og_description":"Th\u00e9\u00e2tre et po\u00e9sie : conf\u00e9rences, concerts, expositions, spectacles, rencontres, ateliers, formations... au ch\u00e2teau de Brangues en Is\u00e8re, Domaine Paul Claudel, en itin\u00e9rance et dans les \u00e9tablissements scolaires.","og_url":"https:\/\/rencontres-brangues.fr\/nrb\/journees-du-patrimoine-2023\/","og_site_name":"Rencontres de Brangues","article_published_time":"2023-09-05T21:18:19+00:00","article_modified_time":"2024-01-30T16:45:16+00:00","og_image":[{"url":"https:\/\/rencontres-brangues.fr\/nrb\/wp-content\/uploads\/JEP_facebook_Post_1080x1080-1024x1024.jpg","type":"","width":"","height":""}],"author":"J\u00e9r\u00f4me de Lignerolles","twitter_card":"summary_large_image","twitter_misc":{"\u00c9crit par":"J\u00e9r\u00f4me de Lignerolles","Dur\u00e9e de lecture estim\u00e9e":"1 minute"},"schema":{"@context":"https:\/\/schema.org","@graph":[{"@type":"Article","@id":"https:\/\/rencontres-brangues.fr\/nrb\/journees-du-patrimoine-2023\/#article","isPartOf":{"@id":"https:\/\/rencontres-brangues.fr\/nrb\/journees-du-patrimoine-2023\/"},"author":{"name":"J\u00e9r\u00f4me de Lignerolles","@id":"https:\/\/rencontres-brangues.fr\/nrb\/#\/schema\/person\/8970d554b4d5514d311156e9d62d87fd"},"headline":"Journ\u00e9es du Patrimoine 2023","datePublished":"2023-09-05T21:18:19+00:00","dateModified":"2024-01-30T16:45:16+00:00","mainEntityOfPage":{"@id":"https:\/\/rencontres-brangues.fr\/nrb\/journees-du-patrimoine-2023\/"},"wordCount":286,"publisher":{"@id":"https:\/\/rencontres-brangues.fr\/nrb\/#organization"},"image":{"@id":"https:\/\/rencontres-brangues.fr\/nrb\/journees-du-patrimoine-2023\/#primaryimage"},"thumbnailUrl":"https:\/\/rencontres-brangues.fr\/nrb\/wp-content\/uploads\/JEP_facebook_Post_1080x1080-1024x1024.jpg","articleSection":["Journ\u00e9es du patrimoine","Archives"],"inLanguage":"fr-FR"},{"@type":"WebPage","@id":"https:\/\/rencontres-brangues.fr\/nrb\/journees-du-patrimoine-2023\/","url":"https:\/\/rencontres-brangues.fr\/nrb\/journees-du-patrimoine-2023\/","name":"Journ\u00e9es du Patrimoine 2023 - Rencontres de Brangues","isPartOf":{"@id":"https:\/\/rencontres-brangues.fr\/nrb\/#website"},"primaryImageOfPage":{"@id":"https:\/\/rencontres-brangues.fr\/nrb\/journees-du-patrimoine-2023\/#primaryimage"},"image":{"@id":"https:\/\/rencontres-brangues.fr\/nrb\/journees-du-patrimoine-2023\/#primaryimage"},"thumbnailUrl":"https:\/\/rencontres-brangues.fr\/nrb\/wp-content\/uploads\/JEP_facebook_Post_1080x1080-1024x1024.jpg","datePublished":"2023-09-05T21:18:19+00:00","dateModified":"2024-01-30T16:45:16+00:00","description":"Th\u00e9\u00e2tre et po\u00e9sie : conf\u00e9rences, concerts, expositions, spectacles, rencontres, ateliers, formations... au ch\u00e2teau de Brangues en Is\u00e8re, Domaine Paul Claudel, en itin\u00e9rance et dans les \u00e9tablissements scolaires.","breadcrumb":{"@id":"https:\/\/rencontres-brangues.fr\/nrb\/journees-du-patrimoine-2023\/#breadcrumb"},"inLanguage":"fr-FR","potentialAction":[{"@type":"ReadAction","target":["https:\/\/rencontres-brangues.fr\/nrb\/journees-du-patrimoine-2023\/"]}]},{"@type":"ImageObject","inLanguage":"fr-FR","@id":"https:\/\/rencontres-brangues.fr\/nrb\/journees-du-patrimoine-2023\/#primaryimage","url":"https:\/\/rencontres-brangues.fr\/nrb\/wp-content\/uploads\/JEP_facebook_Post_1080x1080.jpg","contentUrl":"https:\/\/rencontres-brangues.fr\/nrb\/wp-content\/uploads\/JEP_facebook_Post_1080x1080.jpg","width":1080,"height":1080},{"@type":"BreadcrumbList","@id":"https:\/\/rencontres-brangues.fr\/nrb\/journees-du-patrimoine-2023\/#breadcrumb","itemListElement":[{"@type":"ListItem","position":1,"name":"Accueil","item":"https:\/\/rencontres-brangues.fr\/nrb\/"},{"@type":"ListItem","position":2,"name":"Journ\u00e9es du Patrimoine 2023"}]},{"@type":"WebSite","@id":"https:\/\/rencontres-brangues.fr\/nrb\/#website","url":"https:\/\/rencontres-brangues.fr\/nrb\/","name":"Rencontres de Brangues","description":"th\u00e9\u00e2tre, musique, po\u00e9sie","publisher":{"@id":"https:\/\/rencontres-brangues.fr\/nrb\/#organization"},"potentialAction":[{"@type":"SearchAction","target":{"@type":"EntryPoint","urlTemplate":"https:\/\/rencontres-brangues.fr\/nrb\/?s={search_term_string}"},"query-input":{"@type":"PropertyValueSpecification","valueRequired":true,"valueName":"search_term_string"}}],"inLanguage":"fr-FR"},{"@type":"Organization","@id":"https:\/\/rencontres-brangues.fr\/nrb\/#organization","name":"Nouvelles Rencontres de Brangues","url":"https:\/\/rencontres-brangues.fr\/nrb\/","logo":{"@type":"ImageObject","inLanguage":"fr-FR","@id":"https:\/\/rencontres-brangues.fr\/nrb\/#\/schema\/logo\/image\/","url":"https:\/\/www.rencontres-brangues.fr\/nrb\/wp-content\/uploads\/petit-logo-nrb.png","contentUrl":"https:\/\/www.rencontres-brangues.fr\/nrb\/wp-content\/uploads\/petit-logo-nrb.png","width":306,"height":306,"caption":"Nouvelles Rencontres de Brangues"},"image":{"@id":"https:\/\/rencontres-brangues.fr\/nrb\/#\/schema\/logo\/image\/"}},{"@type":"Person","@id":"https:\/\/rencontres-brangues.fr\/nrb\/#\/schema\/person\/8970d554b4d5514d311156e9d62d87fd","name":"J\u00e9r\u00f4me de Lignerolles"}]}},"uagb_featured_image_src":{"full":false,"thumbnail":false,"medium":false,"medium_large":false,"large":false,"1536x1536":false,"2048x2048":false,"woocommerce_thumbnail":false,"woocommerce_single":false,"woocommerce_gallery_thumbnail":false},"uagb_author_info":{"display_name":"J\u00e9r\u00f4me de Lignerolles","author_link":"https:\/\/rencontres-brangues.fr\/nrb\/author\/jerome\/"},"uagb_comment_info":0,"uagb_excerpt":"Visites guid\u00e9es du ch\u00e2teau Sam 16 et dim 17 septembre 14h00 \u00e0 17h00 Concert de l'Ensemble Tarentule Dim 17 septembre \u00e0 17h00 Libre acc\u00e8s au parc et \u00e0 la tombe de Paul Claudel. Un espace de librairie sera ouvert \u00e0 l\u00b9entr\u00e9e du ch\u00e2teau. Dans le pavillon : 10 panneaux sur le th\u00e8me de Paul Claudel\u2026","_links":{"self":[{"href":"https:\/\/rencontres-brangues.fr\/nrb\/wp-json\/wp\/v2\/posts\/3145","targetHints":{"allow":["GET"]}}],"collection":[{"href":"https:\/\/rencontres-brangues.fr\/nrb\/wp-json\/wp\/v2\/posts"}],"about":[{"href":"https:\/\/rencontres-brangues.fr\/nrb\/wp-json\/wp\/v2\/types\/post"}],"author":[{"embeddable":true,"href":"https:\/\/rencontres-brangues.fr\/nrb\/wp-json\/wp\/v2\/users\/11"}],"replies":[{"embeddable":true,"href":"https:\/\/rencontres-brangues.fr\/nrb\/wp-json\/wp\/v2\/comments?post=3145"}],"version-history":[{"count":17,"href":"https:\/\/rencontres-brangues.fr\/nrb\/wp-json\/wp\/v2\/posts\/3145\/revisions"}],"predecessor-version":[{"id":4060,"href":"https:\/\/rencontres-brangues.fr\/nrb\/wp-json\/wp\/v2\/posts\/3145\/revisions\/4060"}],"wp:attachment":[{"href":"https:\/\/rencontres-brangues.fr\/nrb\/wp-json\/wp\/v2\/media?parent=3145"}],"wp:term":[{"taxonomy":"category","embeddable":true,"href":"https:\/\/rencontres-brangues.fr\/nrb\/wp-json\/wp\/v2\/categories?post=3145"},{"taxonomy":"post_tag","embeddable":true,"href":"https:\/\/rencontres-brangues.fr\/nrb\/wp-json\/wp\/v2\/tags?post=3145"}],"curies":[{"name":"wp","href":"https:\/\/api.w.org\/{rel}","templated":true}]}}