{"id":308,"date":"2021-08-14T16:33:47","date_gmt":"2021-08-14T14:33:47","guid":{"rendered":"https:\/\/www.rencontres-brangues.fr\/nrb\/book\/journees-du-patrimoine\/"},"modified":"2022-04-12T17:35:12","modified_gmt":"2022-04-12T15:35:12","slug":"journees-du-patrimoine","status":"publish","type":"post","link":"https:\/\/rencontres-brangues.fr\/nrb\/journees-du-patrimoine\/","title":{"rendered":"Journ\u00e9es du Patrimoine 2021"},"content":{"rendered":"\n<h4 class=\"wp-block-heading\"><strong>Samedi 18 Septembre&nbsp;<\/strong><\/h4>\n\n\n\n<h4 class=\"rteindent1 wp-block-heading\">17H00 :&nbsp;Tandem (Radio Imaginaire)<\/h4>\n\n\n\n<ul class=\"wp-block-list\"><li><strong>Auteur<\/strong>\u00a0: Jos\u00e9phine Chaffin<\/li><li><strong>Compagnie<\/strong>\u00a0: Superlune<\/li><li><strong>Mise en sc\u00e8ne et interpr\u00e9tation<\/strong>\u00a0: Cl\u00e9ment Carab\u00e9dian et Jos\u00e9phine Chaffin<\/li><\/ul>\n\n\n\n<p>Une chroniqueuse, interpr\u00e9t\u00e9e par Jos\u00e9phine Chaffin, invite \u00e0 son micro, au gr\u00e9 d\u2019une s\u00e9rie radiophonique sur les couples cr\u00e9ateurs, des artistes (tous interpr\u00e9t\u00e9e par&nbsp;Cl\u00e9ment Carab\u00e9dian)&nbsp;qui ont exist\u00e9 . \u00c9poques, nationalit\u00e9s et arts se m\u00e9langent : Richard Burton, Jean Tinguely, Serge Gainsbourg, Gustav Mahler, Auguste Rodin, Francis Scott Fitzgerald\u2026 Ils ne viennent pas parler de leur oeuvre, mais bien de celle de leur compagne artiste.<\/p>\n\n\n\n<p>Tandem est le fruit d\u2019un cheminement r\u00e9flexif et artistique autour d\u2019un th\u00e8me : les cr\u00e9atrices. Quelle place les femmes occupent-elles dans l\u2019histoire de l\u2019art &#8211; toutes disciplines confondues ?<\/p>\n\n\n\n<h4 class=\"wp-block-heading\"><strong>Dimanche 19 Septembre<\/strong><\/h4>\n\n\n\n<h4 class=\"rteindent1 wp-block-heading\">17H00 : L&rsquo;Air Du Temps<\/h4>\n\n\n\n<ul class=\"wp-block-list\"><li><strong>Direction Artistique<\/strong>\u00a0: Claire Delgado Boge<\/li><li><strong>Compagnie<\/strong>\u00a0: Ad Libitum<\/li><li><strong>Interpr\u00e9tation<\/strong>\u00a0: Heiko Buchholtz, Claire Delgado Boge,\u00a0Isabelle Raquin,\u00a0Patrick Reboud<\/li><\/ul>\n\n\n\n<p>Claire Delgado Boge, directrice artistique de la Cie Ad libitum \u2013 chanteuse d\u2019op\u00e9ra et com\u00e9dienne, vient du monde des salles de concert d\u2019Europe, \u00ab des fauteuils rouges et moelleux des Op\u00e9ras Garnier et Comique \u00bb et a fait le choix d\u2019aller dans les villes et villages, pour faire chanter des milliers d\u2019amateurs et partager sa passion. Un travail de fourmi, de proximit\u00e9, de patience et de joie partag\u00e9e<\/p>\n\n\n\n<p>R\u00e9pertoires pressentis : Des ch\u0153urs d\u2019op\u00e9ra au Negro spirituals, du rock philanthropique aux musiques actuelles, chansons pour la libert\u00e9, l\u2019\u00e9galit\u00e9, la paix, pour la lib\u00e9ration de la femme, contre l&rsquo;Apartheid, la dictature, la s\u00e9gr\u00e9gation raciale.<\/p>\n\n\n\n<p>Les compositeurs : John Lennon, Nina Simone, Thierry Machuel, Jean Ferrat, Mozart, Poulenc, Kurt Weill, Gershwin, Bob Marley, Village People, The Weather Girls, Ang\u00e8le, Gilberto Gil et Caetano Veloso, Violeta Parra, Grand Corps Malade, Beyonce, Louz and the yakuza, Lana del Rey, Joan Baez<\/p>\n\n\n\n<h4 class=\"wp-block-heading\"><strong>6 Visites Guid\u00e9es :<\/strong><\/h4>\n\n\n\n<p> <strong>Samedi 18 Septembre<\/strong> : 10h30 &#8211; 14h &#8211; 15h <br><strong>Dimanche 19 Septembre<\/strong> : 10h30 &#8211; 14h &#8211; 15h <br>Nombre de place limit\u00e9 &#8211; visites gratuites sur r\u00e9servation :\u00a0<a href=\"https:\/\/rencontres-brangues.fr\/contact\">nrbrangues@gmail.com<\/a><\/p>\n\n\n\n<p>*Passe sanitaire obligatoire<\/p>\n","protected":false},"excerpt":{"rendered":"<p>Samedi 18 Septembre<br \/>\n17H00 : Tandem (Radio Imaginaire)<br \/>\nAuteur : Jos\u00e9phine Chaffin<br \/>\nCompagnie : Superlune<br \/>\nMise en sc\u00e8ne et interpr\u00e9tation : Cl\u00e9ment Carab\u00e9dian et Jos\u00e9phine Chaffin&#8230;<\/p>\n","protected":false},"author":3,"featured_media":0,"comment_status":"closed","ping_status":"closed","sticky":false,"template":"","format":"standard","meta":{"_uag_custom_page_level_css":"","site-sidebar-layout":"default","site-content-layout":"","ast-site-content-layout":"default","site-content-style":"default","site-sidebar-style":"default","ast-global-header-display":"","ast-banner-title-visibility":"","ast-main-header-display":"","ast-hfb-above-header-display":"","ast-hfb-below-header-display":"","ast-hfb-mobile-header-display":"","site-post-title":"","ast-breadcrumbs-content":"","ast-featured-img":"","footer-sml-layout":"","ast-disable-related-posts":"","theme-transparent-header-meta":"","adv-header-id-meta":"","stick-header-meta":"","header-above-stick-meta":"","header-main-stick-meta":"","header-below-stick-meta":"","astra-migrate-meta-layouts":"default","ast-page-background-enabled":"default","ast-page-background-meta":{"desktop":{"background-color":"var(--ast-global-color-4)","background-image":"","background-repeat":"repeat","background-position":"center center","background-size":"auto","background-attachment":"scroll","background-type":"","background-media":"","overlay-type":"","overlay-color":"","overlay-opacity":"","overlay-gradient":""},"tablet":{"background-color":"","background-image":"","background-repeat":"repeat","background-position":"center center","background-size":"auto","background-attachment":"scroll","background-type":"","background-media":"","overlay-type":"","overlay-color":"","overlay-opacity":"","overlay-gradient":""},"mobile":{"background-color":"","background-image":"","background-repeat":"repeat","background-position":"center center","background-size":"auto","background-attachment":"scroll","background-type":"","background-media":"","overlay-type":"","overlay-color":"","overlay-opacity":"","overlay-gradient":""}},"ast-content-background-meta":{"desktop":{"background-color":"var(--ast-global-color-5)","background-image":"","background-repeat":"repeat","background-position":"center center","background-size":"auto","background-attachment":"scroll","background-type":"","background-media":"","overlay-type":"","overlay-color":"","overlay-opacity":"","overlay-gradient":""},"tablet":{"background-color":"var(--ast-global-color-5)","background-image":"","background-repeat":"repeat","background-position":"center center","background-size":"auto","background-attachment":"scroll","background-type":"","background-media":"","overlay-type":"","overlay-color":"","overlay-opacity":"","overlay-gradient":""},"mobile":{"background-color":"var(--ast-global-color-5)","background-image":"","background-repeat":"repeat","background-position":"center center","background-size":"auto","background-attachment":"scroll","background-type":"","background-media":"","overlay-type":"","overlay-color":"","overlay-opacity":"","overlay-gradient":""}},"footnotes":""},"categories":[19,20],"tags":[],"class_list":["post-308","post","type-post","status-publish","format-standard","hentry","category-patrimoine","category-archives"],"yoast_head":"<!-- This site is optimized with the Yoast SEO plugin v27.5 - https:\/\/yoast.com\/product\/yoast-seo-wordpress\/ -->\n<title>Journ\u00e9es du Patrimoine 2021 - Rencontres de Brangues<\/title>\n<meta name=\"description\" content=\"Th\u00e9\u00e2tre et po\u00e9sie : conf\u00e9rences, concerts, expositions, spectacles, rencontres, ateliers, formations... au ch\u00e2teau de Brangues en Is\u00e8re, Domaine Paul Claudel, en itin\u00e9rance et dans les \u00e9tablissements scolaires.\" \/>\n<meta name=\"robots\" content=\"index, follow, max-snippet:-1, max-image-preview:large, max-video-preview:-1\" \/>\n<link rel=\"canonical\" href=\"https:\/\/rencontres-brangues.fr\/nrb\/journees-du-patrimoine\/\" \/>\n<meta property=\"og:locale\" content=\"fr_FR\" \/>\n<meta property=\"og:type\" content=\"article\" \/>\n<meta property=\"og:title\" content=\"Journ\u00e9es du Patrimoine 2021 - Rencontres de Brangues\" \/>\n<meta property=\"og:description\" content=\"Th\u00e9\u00e2tre et po\u00e9sie : conf\u00e9rences, concerts, expositions, spectacles, rencontres, ateliers, formations... au ch\u00e2teau de Brangues en Is\u00e8re, Domaine Paul Claudel, en itin\u00e9rance et dans les \u00e9tablissements scolaires.\" \/>\n<meta property=\"og:url\" content=\"https:\/\/rencontres-brangues.fr\/nrb\/journees-du-patrimoine\/\" \/>\n<meta property=\"og:site_name\" content=\"Rencontres de Brangues\" \/>\n<meta property=\"article:published_time\" content=\"2021-08-14T14:33:47+00:00\" \/>\n<meta property=\"article:modified_time\" content=\"2022-04-12T15:35:12+00:00\" \/>\n<meta name=\"author\" content=\"stagiaire\" \/>\n<meta name=\"twitter:card\" content=\"summary_large_image\" \/>\n<meta name=\"twitter:label1\" content=\"\u00c9crit par\" \/>\n\t<meta name=\"twitter:data1\" content=\"stagiaire\" \/>\n\t<meta name=\"twitter:label2\" content=\"Dur\u00e9e de lecture estim\u00e9e\" \/>\n\t<meta name=\"twitter:data2\" content=\"2 minutes\" \/>\n<script type=\"application\/ld+json\" class=\"yoast-schema-graph\">{\"@context\":\"https:\\\/\\\/schema.org\",\"@graph\":[{\"@type\":\"Article\",\"@id\":\"https:\\\/\\\/rencontres-brangues.fr\\\/nrb\\\/journees-du-patrimoine\\\/#article\",\"isPartOf\":{\"@id\":\"https:\\\/\\\/rencontres-brangues.fr\\\/nrb\\\/journees-du-patrimoine\\\/\"},\"author\":{\"name\":\"stagiaire\",\"@id\":\"https:\\\/\\\/rencontres-brangues.fr\\\/nrb\\\/#\\\/schema\\\/person\\\/08504fdae3ac65dd05fa68ccb5080e4f\"},\"headline\":\"Journ\u00e9es du Patrimoine 2021\",\"datePublished\":\"2021-08-14T14:33:47+00:00\",\"dateModified\":\"2022-04-12T15:35:12+00:00\",\"mainEntityOfPage\":{\"@id\":\"https:\\\/\\\/rencontres-brangues.fr\\\/nrb\\\/journees-du-patrimoine\\\/\"},\"wordCount\":363,\"publisher\":{\"@id\":\"https:\\\/\\\/rencontres-brangues.fr\\\/nrb\\\/#organization\"},\"articleSection\":[\"Journ\u00e9es du patrimoine\",\"Archives\"],\"inLanguage\":\"fr-FR\"},{\"@type\":\"WebPage\",\"@id\":\"https:\\\/\\\/rencontres-brangues.fr\\\/nrb\\\/journees-du-patrimoine\\\/\",\"url\":\"https:\\\/\\\/rencontres-brangues.fr\\\/nrb\\\/journees-du-patrimoine\\\/\",\"name\":\"Journ\u00e9es du Patrimoine 2021 - Rencontres de Brangues\",\"isPartOf\":{\"@id\":\"https:\\\/\\\/rencontres-brangues.fr\\\/nrb\\\/#website\"},\"datePublished\":\"2021-08-14T14:33:47+00:00\",\"dateModified\":\"2022-04-12T15:35:12+00:00\",\"description\":\"Th\u00e9\u00e2tre et po\u00e9sie : conf\u00e9rences, concerts, expositions, spectacles, rencontres, ateliers, formations... au ch\u00e2teau de Brangues en Is\u00e8re, Domaine Paul Claudel, en itin\u00e9rance et dans les \u00e9tablissements scolaires.\",\"breadcrumb\":{\"@id\":\"https:\\\/\\\/rencontres-brangues.fr\\\/nrb\\\/journees-du-patrimoine\\\/#breadcrumb\"},\"inLanguage\":\"fr-FR\",\"potentialAction\":[{\"@type\":\"ReadAction\",\"target\":[\"https:\\\/\\\/rencontres-brangues.fr\\\/nrb\\\/journees-du-patrimoine\\\/\"]}]},{\"@type\":\"BreadcrumbList\",\"@id\":\"https:\\\/\\\/rencontres-brangues.fr\\\/nrb\\\/journees-du-patrimoine\\\/#breadcrumb\",\"itemListElement\":[{\"@type\":\"ListItem\",\"position\":1,\"name\":\"Accueil\",\"item\":\"https:\\\/\\\/rencontres-brangues.fr\\\/nrb\\\/\"},{\"@type\":\"ListItem\",\"position\":2,\"name\":\"Journ\u00e9es du Patrimoine 2021\"}]},{\"@type\":\"WebSite\",\"@id\":\"https:\\\/\\\/rencontres-brangues.fr\\\/nrb\\\/#website\",\"url\":\"https:\\\/\\\/rencontres-brangues.fr\\\/nrb\\\/\",\"name\":\"Rencontres de Brangues\",\"description\":\"th\u00e9\u00e2tre, musique, po\u00e9sie\",\"publisher\":{\"@id\":\"https:\\\/\\\/rencontres-brangues.fr\\\/nrb\\\/#organization\"},\"potentialAction\":[{\"@type\":\"SearchAction\",\"target\":{\"@type\":\"EntryPoint\",\"urlTemplate\":\"https:\\\/\\\/rencontres-brangues.fr\\\/nrb\\\/?s={search_term_string}\"},\"query-input\":{\"@type\":\"PropertyValueSpecification\",\"valueRequired\":true,\"valueName\":\"search_term_string\"}}],\"inLanguage\":\"fr-FR\"},{\"@type\":\"Organization\",\"@id\":\"https:\\\/\\\/rencontres-brangues.fr\\\/nrb\\\/#organization\",\"name\":\"Nouvelles Rencontres de Brangues\",\"url\":\"https:\\\/\\\/rencontres-brangues.fr\\\/nrb\\\/\",\"logo\":{\"@type\":\"ImageObject\",\"inLanguage\":\"fr-FR\",\"@id\":\"https:\\\/\\\/rencontres-brangues.fr\\\/nrb\\\/#\\\/schema\\\/logo\\\/image\\\/\",\"url\":\"https:\\\/\\\/www.rencontres-brangues.fr\\\/nrb\\\/wp-content\\\/uploads\\\/petit-logo-nrb.png\",\"contentUrl\":\"https:\\\/\\\/www.rencontres-brangues.fr\\\/nrb\\\/wp-content\\\/uploads\\\/petit-logo-nrb.png\",\"width\":306,\"height\":306,\"caption\":\"Nouvelles Rencontres de Brangues\"},\"image\":{\"@id\":\"https:\\\/\\\/rencontres-brangues.fr\\\/nrb\\\/#\\\/schema\\\/logo\\\/image\\\/\"}},{\"@type\":\"Person\",\"@id\":\"https:\\\/\\\/rencontres-brangues.fr\\\/nrb\\\/#\\\/schema\\\/person\\\/08504fdae3ac65dd05fa68ccb5080e4f\",\"name\":\"stagiaire\"}]}<\/script>\n<!-- \/ Yoast SEO plugin. -->","yoast_head_json":{"title":"Journ\u00e9es du Patrimoine 2021 - Rencontres de Brangues","description":"Th\u00e9\u00e2tre et po\u00e9sie : conf\u00e9rences, concerts, expositions, spectacles, rencontres, ateliers, formations... au ch\u00e2teau de Brangues en Is\u00e8re, Domaine Paul Claudel, en itin\u00e9rance et dans les \u00e9tablissements scolaires.","robots":{"index":"index","follow":"follow","max-snippet":"max-snippet:-1","max-image-preview":"max-image-preview:large","max-video-preview":"max-video-preview:-1"},"canonical":"https:\/\/rencontres-brangues.fr\/nrb\/journees-du-patrimoine\/","og_locale":"fr_FR","og_type":"article","og_title":"Journ\u00e9es du Patrimoine 2021 - Rencontres de Brangues","og_description":"Th\u00e9\u00e2tre et po\u00e9sie : conf\u00e9rences, concerts, expositions, spectacles, rencontres, ateliers, formations... au ch\u00e2teau de Brangues en Is\u00e8re, Domaine Paul Claudel, en itin\u00e9rance et dans les \u00e9tablissements scolaires.","og_url":"https:\/\/rencontres-brangues.fr\/nrb\/journees-du-patrimoine\/","og_site_name":"Rencontres de Brangues","article_published_time":"2021-08-14T14:33:47+00:00","article_modified_time":"2022-04-12T15:35:12+00:00","author":"stagiaire","twitter_card":"summary_large_image","twitter_misc":{"\u00c9crit par":"stagiaire","Dur\u00e9e de lecture estim\u00e9e":"2 minutes"},"schema":{"@context":"https:\/\/schema.org","@graph":[{"@type":"Article","@id":"https:\/\/rencontres-brangues.fr\/nrb\/journees-du-patrimoine\/#article","isPartOf":{"@id":"https:\/\/rencontres-brangues.fr\/nrb\/journees-du-patrimoine\/"},"author":{"name":"stagiaire","@id":"https:\/\/rencontres-brangues.fr\/nrb\/#\/schema\/person\/08504fdae3ac65dd05fa68ccb5080e4f"},"headline":"Journ\u00e9es du Patrimoine 2021","datePublished":"2021-08-14T14:33:47+00:00","dateModified":"2022-04-12T15:35:12+00:00","mainEntityOfPage":{"@id":"https:\/\/rencontres-brangues.fr\/nrb\/journees-du-patrimoine\/"},"wordCount":363,"publisher":{"@id":"https:\/\/rencontres-brangues.fr\/nrb\/#organization"},"articleSection":["Journ\u00e9es du patrimoine","Archives"],"inLanguage":"fr-FR"},{"@type":"WebPage","@id":"https:\/\/rencontres-brangues.fr\/nrb\/journees-du-patrimoine\/","url":"https:\/\/rencontres-brangues.fr\/nrb\/journees-du-patrimoine\/","name":"Journ\u00e9es du Patrimoine 2021 - Rencontres de Brangues","isPartOf":{"@id":"https:\/\/rencontres-brangues.fr\/nrb\/#website"},"datePublished":"2021-08-14T14:33:47+00:00","dateModified":"2022-04-12T15:35:12+00:00","description":"Th\u00e9\u00e2tre et po\u00e9sie : conf\u00e9rences, concerts, expositions, spectacles, rencontres, ateliers, formations... au ch\u00e2teau de Brangues en Is\u00e8re, Domaine Paul Claudel, en itin\u00e9rance et dans les \u00e9tablissements scolaires.","breadcrumb":{"@id":"https:\/\/rencontres-brangues.fr\/nrb\/journees-du-patrimoine\/#breadcrumb"},"inLanguage":"fr-FR","potentialAction":[{"@type":"ReadAction","target":["https:\/\/rencontres-brangues.fr\/nrb\/journees-du-patrimoine\/"]}]},{"@type":"BreadcrumbList","@id":"https:\/\/rencontres-brangues.fr\/nrb\/journees-du-patrimoine\/#breadcrumb","itemListElement":[{"@type":"ListItem","position":1,"name":"Accueil","item":"https:\/\/rencontres-brangues.fr\/nrb\/"},{"@type":"ListItem","position":2,"name":"Journ\u00e9es du Patrimoine 2021"}]},{"@type":"WebSite","@id":"https:\/\/rencontres-brangues.fr\/nrb\/#website","url":"https:\/\/rencontres-brangues.fr\/nrb\/","name":"Rencontres de Brangues","description":"th\u00e9\u00e2tre, musique, po\u00e9sie","publisher":{"@id":"https:\/\/rencontres-brangues.fr\/nrb\/#organization"},"potentialAction":[{"@type":"SearchAction","target":{"@type":"EntryPoint","urlTemplate":"https:\/\/rencontres-brangues.fr\/nrb\/?s={search_term_string}"},"query-input":{"@type":"PropertyValueSpecification","valueRequired":true,"valueName":"search_term_string"}}],"inLanguage":"fr-FR"},{"@type":"Organization","@id":"https:\/\/rencontres-brangues.fr\/nrb\/#organization","name":"Nouvelles Rencontres de Brangues","url":"https:\/\/rencontres-brangues.fr\/nrb\/","logo":{"@type":"ImageObject","inLanguage":"fr-FR","@id":"https:\/\/rencontres-brangues.fr\/nrb\/#\/schema\/logo\/image\/","url":"https:\/\/www.rencontres-brangues.fr\/nrb\/wp-content\/uploads\/petit-logo-nrb.png","contentUrl":"https:\/\/www.rencontres-brangues.fr\/nrb\/wp-content\/uploads\/petit-logo-nrb.png","width":306,"height":306,"caption":"Nouvelles Rencontres de Brangues"},"image":{"@id":"https:\/\/rencontres-brangues.fr\/nrb\/#\/schema\/logo\/image\/"}},{"@type":"Person","@id":"https:\/\/rencontres-brangues.fr\/nrb\/#\/schema\/person\/08504fdae3ac65dd05fa68ccb5080e4f","name":"stagiaire"}]}},"uagb_featured_image_src":{"full":false,"thumbnail":false,"medium":false,"medium_large":false,"large":false,"1536x1536":false,"2048x2048":false,"woocommerce_thumbnail":false,"woocommerce_single":false,"woocommerce_gallery_thumbnail":false},"uagb_author_info":{"display_name":"stagiaire","author_link":"https:\/\/rencontres-brangues.fr\/nrb\/author\/stagiaire\/"},"uagb_comment_info":0,"uagb_excerpt":"Samedi 18 Septembre 17H00 : Tandem (Radio Imaginaire) Auteur : Jos\u00e9phine Chaffin Compagnie : Superlune Mise en sc\u00e8ne et interpr\u00e9tation : Cl\u00e9ment Carab\u00e9dian et Jos\u00e9phine Chaffin...","_links":{"self":[{"href":"https:\/\/rencontres-brangues.fr\/nrb\/wp-json\/wp\/v2\/posts\/308","targetHints":{"allow":["GET"]}}],"collection":[{"href":"https:\/\/rencontres-brangues.fr\/nrb\/wp-json\/wp\/v2\/posts"}],"about":[{"href":"https:\/\/rencontres-brangues.fr\/nrb\/wp-json\/wp\/v2\/types\/post"}],"author":[{"embeddable":true,"href":"https:\/\/rencontres-brangues.fr\/nrb\/wp-json\/wp\/v2\/users\/3"}],"replies":[{"embeddable":true,"href":"https:\/\/rencontres-brangues.fr\/nrb\/wp-json\/wp\/v2\/comments?post=308"}],"version-history":[{"count":12,"href":"https:\/\/rencontres-brangues.fr\/nrb\/wp-json\/wp\/v2\/posts\/308\/revisions"}],"predecessor-version":[{"id":1183,"href":"https:\/\/rencontres-brangues.fr\/nrb\/wp-json\/wp\/v2\/posts\/308\/revisions\/1183"}],"wp:attachment":[{"href":"https:\/\/rencontres-brangues.fr\/nrb\/wp-json\/wp\/v2\/media?parent=308"}],"wp:term":[{"taxonomy":"category","embeddable":true,"href":"https:\/\/rencontres-brangues.fr\/nrb\/wp-json\/wp\/v2\/categories?post=308"},{"taxonomy":"post_tag","embeddable":true,"href":"https:\/\/rencontres-brangues.fr\/nrb\/wp-json\/wp\/v2\/tags?post=308"}],"curies":[{"name":"wp","href":"https:\/\/api.w.org\/{rel}","templated":true}]}}