{"id":298,"date":"2021-05-04T18:33:45","date_gmt":"2021-05-04T16:33:45","guid":{"rendered":"https:\/\/www.rencontres-brangues.fr\/nrb\/book\/rencontres-2020-0\/"},"modified":"2023-04-13T15:52:42","modified_gmt":"2023-04-13T13:52:42","slug":"rencontres-2020-0","status":"publish","type":"post","link":"https:\/\/rencontres-brangues.fr\/nrb\/rencontres-2020-0\/","title":{"rendered":"Rencontres 2020"},"content":{"rendered":"\n<h2 class=\"wp-block-heading\"><strong>Dimanche 13 Septembre au Dimanche 20 Septembre 2020<\/strong><\/h2>\n\n\n\n<figure class=\"wp-block-gallery has-nested-images columns-5 is-cropped wp-block-gallery-1 is-layout-flex wp-block-gallery-is-layout-flex\">\n<figure class=\"wp-block-image size-large\"><a href=\"https:\/\/rencontres-brangues.fr\/nrb\/wp-content\/uploads\/photos\/photos_dun_poeme_lautre_-_damien_gouy_0.jpg\"><img loading=\"lazy\" decoding=\"async\" width=\"1024\" height=\"1007\" data-id=\"299\" src=\"https:\/\/rencontres-brangues.fr\/nrb\/wp-content\/uploads\/photos\/photos_dun_poeme_lautre_-_damien_gouy_0-1024x1007.jpg\" alt=\"D'un po\u00e8me \u00e0 l'autre - Damien Gouy\" class=\"wp-image-299\" srcset=\"https:\/\/rencontres-brangues.fr\/nrb\/wp-content\/uploads\/photos\/photos_dun_poeme_lautre_-_damien_gouy_0-1024x1007.jpg 1024w, https:\/\/rencontres-brangues.fr\/nrb\/wp-content\/uploads\/photos\/photos_dun_poeme_lautre_-_damien_gouy_0-300x295.jpg 300w, https:\/\/rencontres-brangues.fr\/nrb\/wp-content\/uploads\/photos\/photos_dun_poeme_lautre_-_damien_gouy_0-768x755.jpg 768w, https:\/\/rencontres-brangues.fr\/nrb\/wp-content\/uploads\/photos\/photos_dun_poeme_lautre_-_damien_gouy_0-600x590.jpg 600w, https:\/\/rencontres-brangues.fr\/nrb\/wp-content\/uploads\/photos\/photos_dun_poeme_lautre_-_damien_gouy_0.jpg 1083w\" sizes=\"auto, (max-width: 1024px) 100vw, 1024px\" \/><\/a><\/figure>\n\n\n\n<figure class=\"wp-block-image size-large\"><a href=\"https:\/\/rencontres-brangues.fr\/nrb\/wp-content\/uploads\/phototheque\/phototheque_dun_poeme_a_lautre_chateau_st_hilaire_de_brens_1024x768.jpg\"><img loading=\"lazy\" decoding=\"async\" width=\"1024\" height=\"768\" data-id=\"395\" src=\"https:\/\/rencontres-brangues.fr\/nrb\/wp-content\/uploads\/phototheque\/phototheque_dun_poeme_a_lautre_chateau_st_hilaire_de_brens_1024x768.jpg\" alt=\"dun_poeme_a_lautre_chateau_st_hilaire_de_brens_1024x768\" class=\"wp-image-395\" srcset=\"https:\/\/rencontres-brangues.fr\/nrb\/wp-content\/uploads\/phototheque\/phototheque_dun_poeme_a_lautre_chateau_st_hilaire_de_brens_1024x768.jpg 1024w, https:\/\/rencontres-brangues.fr\/nrb\/wp-content\/uploads\/phototheque\/phototheque_dun_poeme_a_lautre_chateau_st_hilaire_de_brens_1024x768-300x225.jpg 300w, https:\/\/rencontres-brangues.fr\/nrb\/wp-content\/uploads\/phototheque\/phototheque_dun_poeme_a_lautre_chateau_st_hilaire_de_brens_1024x768-768x576.jpg 768w, https:\/\/rencontres-brangues.fr\/nrb\/wp-content\/uploads\/phototheque\/phototheque_dun_poeme_a_lautre_chateau_st_hilaire_de_brens_1024x768-600x450.jpg 600w\" sizes=\"auto, (max-width: 1024px) 100vw, 1024px\" \/><\/a><\/figure>\n\n\n\n<figure class=\"wp-block-image size-large\"><a href=\"https:\/\/rencontres-brangues.fr\/nrb\/wp-content\/uploads\/photos\/photos_regardez_la_neige_qui_tombe_photo_bob_mauranne.jpg\"><img loading=\"lazy\" decoding=\"async\" width=\"1006\" height=\"1024\" data-id=\"305\" src=\"https:\/\/rencontres-brangues.fr\/nrb\/wp-content\/uploads\/photos\/photos_regardez_la_neige_qui_tombe_photo_bob_mauranne-1006x1024.jpg\" alt=\"Regardez la neige qui tombe - photo Bob Mauranne\" class=\"wp-image-305\" srcset=\"https:\/\/rencontres-brangues.fr\/nrb\/wp-content\/uploads\/photos\/photos_regardez_la_neige_qui_tombe_photo_bob_mauranne-1006x1024.jpg 1006w, https:\/\/rencontres-brangues.fr\/nrb\/wp-content\/uploads\/photos\/photos_regardez_la_neige_qui_tombe_photo_bob_mauranne-295x300.jpg 295w, https:\/\/rencontres-brangues.fr\/nrb\/wp-content\/uploads\/photos\/photos_regardez_la_neige_qui_tombe_photo_bob_mauranne-768x782.jpg 768w, https:\/\/rencontres-brangues.fr\/nrb\/wp-content\/uploads\/photos\/photos_regardez_la_neige_qui_tombe_photo_bob_mauranne-600x611.jpg 600w, https:\/\/rencontres-brangues.fr\/nrb\/wp-content\/uploads\/photos\/photos_regardez_la_neige_qui_tombe_photo_bob_mauranne.jpg 1046w\" sizes=\"auto, (max-width: 1006px) 100vw, 1006px\" \/><\/a><\/figure>\n\n\n\n<figure class=\"wp-block-image size-large\"><a href=\"https:\/\/rencontres-brangues.fr\/nrb\/wp-content\/uploads\/photos\/photos_terra_-_harpe_1_425x640.jpg\"><img loading=\"lazy\" decoding=\"async\" width=\"425\" height=\"640\" data-id=\"306\" src=\"https:\/\/rencontres-brangues.fr\/nrb\/wp-content\/uploads\/photos\/photos_terra_-_harpe_1_425x640.jpg\" alt=\"Terra-Harpe\" class=\"wp-image-306\" srcset=\"https:\/\/rencontres-brangues.fr\/nrb\/wp-content\/uploads\/photos\/photos_terra_-_harpe_1_425x640.jpg 425w, https:\/\/rencontres-brangues.fr\/nrb\/wp-content\/uploads\/photos\/photos_terra_-_harpe_1_425x640-199x300.jpg 199w\" sizes=\"auto, (max-width: 425px) 100vw, 425px\" \/><\/a><\/figure>\n\n\n\n<figure class=\"wp-block-image size-large\"><a href=\"https:\/\/rencontres-brangues.fr\/nrb\/wp-content\/uploads\/phototheque\/phototheque_chorale_de_brangues_-_repetition_terra_incognita_1024x768.jpg\"><img loading=\"lazy\" decoding=\"async\" width=\"1024\" height=\"768\" data-id=\"398\" src=\"https:\/\/rencontres-brangues.fr\/nrb\/wp-content\/uploads\/phototheque\/phototheque_chorale_de_brangues_-_repetition_terra_incognita_1024x768.jpg\" alt=\"chorale_de_brangues_-_repetition_terra_incognita_1024x768\" class=\"wp-image-398\" srcset=\"https:\/\/rencontres-brangues.fr\/nrb\/wp-content\/uploads\/phototheque\/phototheque_chorale_de_brangues_-_repetition_terra_incognita_1024x768.jpg 1024w, https:\/\/rencontres-brangues.fr\/nrb\/wp-content\/uploads\/phototheque\/phototheque_chorale_de_brangues_-_repetition_terra_incognita_1024x768-300x225.jpg 300w, https:\/\/rencontres-brangues.fr\/nrb\/wp-content\/uploads\/phototheque\/phototheque_chorale_de_brangues_-_repetition_terra_incognita_1024x768-768x576.jpg 768w, https:\/\/rencontres-brangues.fr\/nrb\/wp-content\/uploads\/phototheque\/phototheque_chorale_de_brangues_-_repetition_terra_incognita_1024x768-600x450.jpg 600w\" sizes=\"auto, (max-width: 1024px) 100vw, 1024px\" \/><\/a><\/figure>\n\n\n\n<figure class=\"wp-block-image size-large\"><a href=\"https:\/\/rencontres-brangues.fr\/nrb\/wp-content\/uploads\/phototheque\/phototheque_repetition_la_guerre_de_troie_theatre_du_mantois_gde_1024x682.jpg\"><img loading=\"lazy\" decoding=\"async\" width=\"1024\" height=\"682\" data-id=\"399\" src=\"https:\/\/rencontres-brangues.fr\/nrb\/wp-content\/uploads\/phototheque\/phototheque_repetition_la_guerre_de_troie_theatre_du_mantois_gde_1024x682.jpg\" alt=\"repetition_la_guerre_de_troie_theatre_du_mantois_gde_1024x682\" class=\"wp-image-399\" srcset=\"https:\/\/rencontres-brangues.fr\/nrb\/wp-content\/uploads\/phototheque\/phototheque_repetition_la_guerre_de_troie_theatre_du_mantois_gde_1024x682.jpg 1024w, https:\/\/rencontres-brangues.fr\/nrb\/wp-content\/uploads\/phototheque\/phototheque_repetition_la_guerre_de_troie_theatre_du_mantois_gde_1024x682-300x200.jpg 300w, https:\/\/rencontres-brangues.fr\/nrb\/wp-content\/uploads\/phototheque\/phototheque_repetition_la_guerre_de_troie_theatre_du_mantois_gde_1024x682-768x512.jpg 768w, https:\/\/rencontres-brangues.fr\/nrb\/wp-content\/uploads\/phototheque\/phototheque_repetition_la_guerre_de_troie_theatre_du_mantois_gde_1024x682-600x400.jpg 600w\" sizes=\"auto, (max-width: 1024px) 100vw, 1024px\" \/><\/a><\/figure>\n\n\n\n<figure class=\"wp-block-image size-large\"><a href=\"https:\/\/rencontres-brangues.fr\/nrb\/wp-content\/uploads\/phototheque\/phototheque_le_voyage_dulysse_cie_du_vieux_singe_1024x682.jpg\"><img loading=\"lazy\" decoding=\"async\" width=\"1024\" height=\"682\" data-id=\"397\" src=\"https:\/\/rencontres-brangues.fr\/nrb\/wp-content\/uploads\/phototheque\/phototheque_le_voyage_dulysse_cie_du_vieux_singe_1024x682.jpg\" alt=\"le_voyage_dulysse_cie_du_vieux_singe_1024x682\" class=\"wp-image-397\" srcset=\"https:\/\/rencontres-brangues.fr\/nrb\/wp-content\/uploads\/phototheque\/phototheque_le_voyage_dulysse_cie_du_vieux_singe_1024x682.jpg 1024w, https:\/\/rencontres-brangues.fr\/nrb\/wp-content\/uploads\/phototheque\/phototheque_le_voyage_dulysse_cie_du_vieux_singe_1024x682-300x200.jpg 300w, https:\/\/rencontres-brangues.fr\/nrb\/wp-content\/uploads\/phototheque\/phototheque_le_voyage_dulysse_cie_du_vieux_singe_1024x682-768x512.jpg 768w, https:\/\/rencontres-brangues.fr\/nrb\/wp-content\/uploads\/phototheque\/phototheque_le_voyage_dulysse_cie_du_vieux_singe_1024x682-600x400.jpg 600w\" sizes=\"auto, (max-width: 1024px) 100vw, 1024px\" \/><\/a><\/figure>\n\n\n\n<figure class=\"wp-block-image size-large\"><a href=\"https:\/\/rencontres-brangues.fr\/nrb\/wp-content\/uploads\/phototheque\/phototheque_le_voyage_dulysse_cie_du_vieux_singe_gde_1024x682.jpg\"><img loading=\"lazy\" decoding=\"async\" width=\"1024\" height=\"682\" data-id=\"396\" src=\"https:\/\/rencontres-brangues.fr\/nrb\/wp-content\/uploads\/phototheque\/phototheque_le_voyage_dulysse_cie_du_vieux_singe_gde_1024x682.jpg\" alt=\"le_voyage_dulysse_cie_du_vieux_singe_gde_1024x682\" class=\"wp-image-396\" srcset=\"https:\/\/rencontres-brangues.fr\/nrb\/wp-content\/uploads\/phototheque\/phototheque_le_voyage_dulysse_cie_du_vieux_singe_gde_1024x682.jpg 1024w, https:\/\/rencontres-brangues.fr\/nrb\/wp-content\/uploads\/phototheque\/phototheque_le_voyage_dulysse_cie_du_vieux_singe_gde_1024x682-300x200.jpg 300w, https:\/\/rencontres-brangues.fr\/nrb\/wp-content\/uploads\/phototheque\/phototheque_le_voyage_dulysse_cie_du_vieux_singe_gde_1024x682-768x512.jpg 768w, https:\/\/rencontres-brangues.fr\/nrb\/wp-content\/uploads\/phototheque\/phototheque_le_voyage_dulysse_cie_du_vieux_singe_gde_1024x682-600x400.jpg 600w\" sizes=\"auto, (max-width: 1024px) 100vw, 1024px\" \/><\/a><\/figure>\n<\/figure>\n\n\n\n<h2 class=\"wp-block-heading\">DIMANCHE 13 SEPTEMBRE <\/h2>\n\n\n\n<p>\u25ba&nbsp;15h00 : Ch\u00e2teau de Montplaisant &#8211; SAINT HILAIRE DE BRENS<\/p>\n\n\n\n<p><em>D\u2019UN PO\u00c8ME \u00c0 L&rsquo;AUTRE, <\/em><\/p>\n\n\n\n<p><em>TRAVERS\u00c9E DES PAYSAGES D&rsquo;ICI ET D&rsquo;AILLEURS avec PAUL CLAUDEL<\/em><\/p>\n\n\n\n<p><strong>Avec :<\/strong>&nbsp;Damien Gouy &#8211; Cie Th\u00e9\u00e2tre en Pierres Dor\u00e9es -, Claire Delgado Boge, Patrick Rebour (accord\u00e9on) &#8211;&nbsp;Cie Ad Libitum &#8211; et les participants aux ateliers th\u00e9\u00e2tre et ateliers chant.<\/p>\n\n\n\n<p>En Partenariat avec l&rsquo;association \u00ab\u00a0Brangues Village de Litt\u00e9rature\u00a0\u00bb<\/p>\n\n\n\n<p>Des textes de Paul Claudel, dont Itin\u00e9raire de <em><strong>Paris \u00e0 Lyon<\/strong><\/em>, <em><strong>Le delphinium<\/strong><\/em>, <strong><em>L\u2019aube de juin<\/em><\/strong>,&nbsp; <em><strong>Le chant du coucou<\/strong><\/em>, <em><strong>Paysage de mai<\/strong><\/em>&#8230; et certains <em><strong>Dodoitzu<\/strong><\/em>&nbsp; seront lus par le com\u00e9dien Damien Gouy et des participants aux ateliers th\u00e9\u00e2tre\/lecture \u00e0 voix haute men\u00e9s en amont. Ces lectures seront ponctu\u00e9es de chants (programme en cours) interpr\u00e9t\u00e9s par la soprano Claire Delgado Boge accompagn\u00e9e de Patrick Rebour \u00e0 l&rsquo;accord\u00e9on et des participants aux ateliers chants men\u00e9s en amont.<\/p>\n\n\n\n<p>\u25ba&nbsp;17h00 : MAISON RAVIER &#8211; MORESTEL 38510<\/p>\n\n\n\n<p><em>VOYAGES&#8230; PAYSAGES<\/em><\/p>\n\n\n\n<p><strong>Lecture de textes :<\/strong> de Fran\u00e7ois Ravier, Hector Berlioz, Paul Claudel et Pierre Loti par Damien Gouy (Th\u00e9\u00e2tre en Pierres Dor\u00e9es)&nbsp;<\/p>\n\n\n\n<p>En partenariat avec l&rsquo;association des Amis de la Maison Ravier et dans le cadre de l\u2019\u00e9v\u00e9nement culturel&nbsp;Paysage\/Paysages, organis\u00e9 par le D\u00e9partement de l&rsquo;Is\u00e8re, les Nouvelles rencontres de Brangues accueillent le com\u00e9dien Damien GOUY (Th\u00e9\u00e2tre en Pierres Dor\u00e9es). Il lira des extraits de r\u00e9cits de voyage \u00e9crits par Fran\u00e7ois Ravier, Hector Berlioz, Paul Claudel et Pierre Loti.<\/p>\n\n\n\n<h2 class=\"wp-block-heading\">Vendredi 18 Septembre 2020<\/h2>\n\n\n\n<p>\u25ba&nbsp;20h30 : DOMAINE PAUL CLAUDEL &#8211; BRANGUES 38510<\/p>\n\n\n\n<p>&nbsp; &nbsp; &nbsp; &nbsp; &nbsp; &nbsp; &nbsp; Dans la ferme du&nbsp;ch\u00e2teau&nbsp;<\/p>\n\n\n\n<p><em>LA GUERRE DE TROIE (EN MOINS DE DEUX !)<\/em><\/p>\n\n\n\n<p><strong>Auteur :&nbsp;<\/strong>Eudes Labrusse,&nbsp;d\u2019apr\u00e8s Hom\u00e8re, Sophocle, Euripide, Virgile\u2026<\/p>\n\n\n\n<p><strong>Mise en Sc\u00e8ne :&nbsp;<\/strong>J\u00e9r\u00f4me Imard et Eudes Labrusse \u2013 Cie Th\u00e9\u00e2tre du Mantois \u2013<\/p>\n\n\n\n<p><strong>Interpr\u00e9tation :<\/strong> Catherine Bayle, Audrey Le Bihan, Hoa-Lan Scrmin, Laurent Joly, Nicolas Postillon, Lo\u00efc Puichevrier, Christian Raux (piano), Philippe Weissert.<\/p>\n\n\n\n<p><strong>Pour (re)d\u00e9couvrir ses classiques de fa\u00e7on jubilatoires !<\/strong><\/p>\n\n\n\n<p>De la naissance divine de la belle H\u00e9l\u00e8ne \u00e0 la col\u00e8re d\u2019Achille, de la Pomme d\u2019or aux ruses d\u2019Ulysse, du sacrifice d\u2019Iphig\u00e9nie au leurre du cheval de bois : au-del\u00e0 de la seule Iliade (qui somme toute ne raconte que trois mois du fameux si\u00e8ge), sept com\u00e9diens et un pianiste nous entra\u00eenent dans un r\u00e9cit, aussi choral que ludique, pour revisiter l\u2019ensemble des \u00e9pisodes li\u00e9s \u00e0 l\u2019enl\u00e8vement de la plus belle femme du monde\u2026<\/p>\n\n\n\n<p>Un r\u00e9cit men\u00e9 tambour battant avec l\u2019insolence d\u2019une dynamique de troupe, d\u2019un rythme emball\u00e9, d\u2019un humour d\u00e9cal\u00e9, mais sans en effacer pour autant la po\u00e9sie \u00e9pique et tragique. Ou comment raconter, en moins d\u2019une heure et demi, tout (ou presque tout) des aventures, l\u00e9gendaires et poignantes, des h\u00e9ros, dieux et demi-dieux de la Guerre de Troie.<\/p>\n\n\n\n<h2 class=\"wp-block-heading\">Samedi 19&nbsp;Septembre 2020<\/h2>\n\n\n\n<p>\u25ba10h30 : DOMAINE PAUL CLAUDEL &#8211; BRANGUES 38510<\/p>\n\n\n\n<p>&nbsp; &nbsp; &nbsp; &nbsp; &nbsp; &nbsp; &nbsp; sous le tilleul<\/p>\n\n\n\n<p><em>LE VOYAGE D&rsquo;ULYSSE&nbsp;<\/em>d&rsquo;apr\u00e8s Hom\u00e8re<\/p>\n\n\n\n<p><strong>Compagnie du Vieux Singe<\/strong><\/p>\n\n\n\n<p><strong>Mise en sc\u00e8ne : <\/strong>Oph\u00e9lie Kern<\/p>\n\n\n\n<p><strong>Interpr\u00e9tation :&nbsp;<\/strong>M\u00e9lissa Acchiardi et Oph\u00e9lie Kern&nbsp;<\/p>\n\n\n\n<p>Le long p\u00e9riple d\u2019Ulysse pour revenir de Troie jusqu\u2019aux bras de P\u00e9n\u00e9lope\u2026<\/p>\n\n\n\n<p>Ulysse l\u2019intr\u00e9pide, grand vainqueur, va commettre un crime qui va le perdre : il insulte le Cyclope qui mena\u00e7ait de le manger et qui se r\u00e9v\u00e8le \u00eatre en r\u00e9alit\u00e9 le fils de Pos\u00e9idon. Humili\u00e9, le Dieu punit Ulysse en lui infligeant temp\u00eates et brouillards, l\u2019emp\u00eachant 10 ans durant de retrouver sa route. Un p\u00e9riple racont\u00e9 avec po\u00e9sie, humour et truculence\u2026 spectacle familial \u00e0 partir de 6 ans<\/p>\n\n\n\n<p>\u25ba 17h00 :&nbsp;Biblioth\u00e8que Pierre Claudel &#8211;&nbsp;DOMAINE PAUL CLAUDEL &#8211; BRANGUES 38510<\/p>\n\n\n\n<p>Projection du film <strong><em>D\u2019UNE&nbsp;FOLIE L\u2019AUTRE<\/em>&nbsp;<\/strong>consacr\u00e9 \u00e0 Camille et Paul Claudel.<\/p>\n\n\n\n<p>Suivie d\u2019un \u00e9change avec son auteur :&nbsp;<strong>Gilles Blanchard<\/strong>.<\/p>\n\n\n\n<p>150 ans apr\u00e8s la naissance de Camille Claudel, Gilles Blanchard a d\u00e9cid\u00e9 de sc\u00e9nariser les archives du dossier m\u00e9dical de l\u2019artiste dans une chronique fid\u00e8le aux \u00e9v\u00e9nements qui ont jalonn\u00e9s le naufrage, de 1890 \u00e0 1943, date de la mort de Camille Claudel.<\/p>\n\n\n\n<p>En inventant une forme narrative adapt\u00e9e \u00e0 un souci de v\u00e9rit\u00e9, son film invite \u00e0 cerner la contradiction entre folie attest\u00e9e et folie contest\u00e9e, \u00e0 l\u2019origine de tant de r\u00e9cits.<\/p>\n\n\n\n<p>\u25ba 20h30&nbsp;:&nbsp;DOMAINE PAUL CLAUDEL &#8211; BRANGUES 38510<\/p>\n\n\n\n<p>&nbsp; &nbsp; &nbsp; &nbsp; &nbsp; &nbsp; &nbsp; Dans la Ferme du ch\u00e2teau<\/p>\n\n\n\n<p><em>REGARDEZ LA NEIGE QUI TOMBE<\/em><\/p>\n\n\n\n<p><strong>Compagnie :<\/strong>&nbsp;&nbsp;Th\u00e9\u00e2tres de l&rsquo;Entre deux<\/p>\n\n\n\n<p><strong>Mise en Sc\u00e8ne :<\/strong> Philippe Mangenot<\/p>\n\n\n\n<p><strong>Interpr\u00e9tation :<\/strong> Rapha\u00eblle Huou et Philippe Mangenot<\/p>\n\n\n\n<p>Pi\u00e8ce \u00ab\u00a0paysage\u00a0\u00bb, Regardez la neige qui tombe a pour fil conducteur celui d&rsquo;une repr\u00e9sentation en train de se faire, strucutr\u00e9 par 3 duos : Andr\u00e9 Markowicz et Fran\u00e7oise Morvan qui ont traduit l&rsquo;ensemble des fragments choisis &#8211; Tchekhov et Olga Knipper son \u00e9pouse &#8211; Rapha\u00eblle Hou et Philippe Mangenot le metteur en sc\u00e8ne du spectacle en cour&#8230;<\/p>\n\n\n\n<p>El\u00e9ments biographiques, correspondances et extraits de sc\u00e8nes embl\u00e9matiques &#8211; un spectacle tout nou\u00e9 de fine intelligence et de plaisir.<\/p>\n\n\n\n<h2 class=\"wp-block-heading\">Dimanche 20 Septembre<\/h2>\n\n\n\n<p>\u25ba10h30&nbsp;:&nbsp;Biblioth\u00e8que Pierre Claudel &#8211;&nbsp;DOMAINE PAUL CLAUDEL &#8211; BRANGUES 38510<\/p>\n\n\n\n<p>Projection du film <em><strong>\u00c0&nbsp;LA RECHERCHE DU SOULIER<\/strong><\/em> r\u00e9alis\u00e9 par Marie No\u00eblle Battaglia autour de l&rsquo;aventure th\u00e9\u00e2trale men\u00e9e par Th\u00e9atr\u2019Ensemble et 55 com\u00e9diens amateurs d\u2019apr\u00e8s<strong>&nbsp;<em>Le Soulier de Satin<\/em><\/strong>&nbsp;de Paul Claudel. Sous la direction de : Judith d\u2019Aleazzo, Kathleen Dol, Solenn Goix, Thierry Mennessier, Julien Renon et Nadia Vonderheyden (travail de pr\u00e9paration, interview, extraits des repr\u00e9sentations donn\u00e9es \u00e0 Grenoble et Brangues en 2018, &#8230;)<\/p>\n\n\n\n<p>Suivie d&rsquo;un \u00e9change avec les participants<\/p>\n\n\n\n<p>Le spectacle a \u00e9t\u00e9 donn\u00e9 au Domaine Paul Claudel le 1er juillet 2018 de 11h \u00e0 24 h,&nbsp; dans le cadre du Festival du Solstice de Brangues et \u00e0 l\u2019occasion du 150\u00e8me&nbsp;anniversaire de la naissance de Paul Claudel.<\/p>\n\n\n\n<p>En partenariat avec les Tr\u00e9teaux de France Centre dramatique national, MC2&nbsp;: Grenoble, l\u2019Hexagone Sc\u00e8ne Nationale Arts Sciences, l\u2019Amphidice Universit\u00e9 Grenoble-Alpes, le Th\u00e9\u00e2tre Municipal de Grenoble, les Nouvelles Rencontres de Brangues.<\/p>\n\n\n\n<p>\u25ba 17h00 :&nbsp;DOMAINE PAUL CLAUDEL &#8211; BRANGUES 38510<\/p>\n\n\n\n<p>&nbsp; &nbsp; &nbsp; &nbsp; &nbsp; &nbsp; &nbsp; &nbsp;Dans la ferme du&nbsp;ch\u00e2teau<\/p>\n\n\n\n<p><em>TERRA INCOGNITA<\/em><\/p>\n\n\n\n<p><strong>Compagnie : <\/strong>Ad Libitum<\/p>\n\n\n\n<p><strong>Concert Chants du Monde<\/strong> <strong>avec :<\/strong>&nbsp;Claire Delgado-Boge (conception\/chant), B\u00e9rang\u00e8re Sardin (harpe), Nicolas Muzy (Th\u00e9orbe et guitare baroque), Amra Hussain (tabla), Christine Plubeau (viole de gambe).<\/p>\n\n\n\n<p><strong>Avec la participation<\/strong> de la chorale et des \u00e9l\u00e8ves de l\u2019\u00e9cole de Brangues.<\/p>\n\n\n\n<p>En poursuivant son action militante, celle de faire conna\u00eetre et appr\u00e9cier le chant lyrique et ses divers r\u00e9pertoires \u00e0 une grande vari\u00e9t\u00e9 de publics, la Cie Ad Libitum va explorer de nouveaux \u00ab&nbsp;espaces musicaux&nbsp;\u00bb.<\/p>\n\n\n\n<p>\u00c0 partir d\u2019un collectage de chants familiaux, effectu\u00e9 par des chanteurs amateurs de tous \u00e2ges ou par les habitants de Brangues aupr\u00e8s de leurs proches, la Cie Ad Libitum a imagin\u00e9 \u00ab Terra incognita \u00bb, une partition \u00e0 d\u00e9couvrir, dans laquelle vont se croiser et se c\u00f4toyer ces musiques identitaires qui fa\u00e7onnent notre paysage musical, et le propre r\u00e9pertoire de chacun.<\/p>\n\n\n\n<p>Revisiter les r\u00e9pertoires, les d\u00e9sacraliser, les transgresser parfois, se les r\u00e9approprier afin d\u2019en faire une nouvelle lecture et de leur donner un nouvel \u00e9clairage (avec la participation de la chorale et des \u00e9l\u00e8ves de l\u2019\u00e9cole de Brangues)<\/p>\n\n\n\n<h2 class=\"wp-block-heading\">\u25ba&nbsp; Solstice de Brangues&nbsp;2021&nbsp;du 18 au 27 juin<\/h2>\n\n\n\n<ul class=\"wp-block-list\">\n<li>Programmation en cours..<\/li>\n<\/ul>\n","protected":false},"excerpt":{"rendered":"<p>Dimanche 13 Septembre au Dimanche 20 Septembre 2020<\/p>\n<p>DIMANCHE 13 SEPTEMBRE <\/p>\n<p>\u25ba&nbsp;15h00 : Ch\u00e2teau de Montplaisant &#8211; SAINT HILAIRE DE BRENS<\/p>\n<p><em>D\u2019UN PO\u00c8ME \u00c0 L&rsquo;AUTRE, <\/em><\/p>\n<p><em>TRAVERS\u00c9E DES PAYSAGES D&rsquo;ICI ET D&rsquo;AILLEURS avec PAUL CLAUDEL<\/em><\/p>\n<p>Avec :&nbsp;Damien Gouy &#8211;<\/p>\n","protected":false},"author":1,"featured_media":0,"comment_status":"closed","ping_status":"closed","sticky":false,"template":"","format":"standard","meta":{"_uag_custom_page_level_css":"","site-sidebar-layout":"default","site-content-layout":"","ast-site-content-layout":"default","site-content-style":"default","site-sidebar-style":"default","ast-global-header-display":"","ast-banner-title-visibility":"","ast-main-header-display":"","ast-hfb-above-header-display":"","ast-hfb-below-header-display":"","ast-hfb-mobile-header-display":"","site-post-title":"","ast-breadcrumbs-content":"","ast-featured-img":"","footer-sml-layout":"","theme-transparent-header-meta":"","adv-header-id-meta":"","stick-header-meta":"","header-above-stick-meta":"","header-main-stick-meta":"","header-below-stick-meta":"","astra-migrate-meta-layouts":"default","ast-page-background-enabled":"default","ast-page-background-meta":{"desktop":{"background-color":"var(--ast-global-color-4)","background-image":"","background-repeat":"repeat","background-position":"center center","background-size":"auto","background-attachment":"scroll","background-type":"","background-media":"","overlay-type":"","overlay-color":"","overlay-opacity":"","overlay-gradient":""},"tablet":{"background-color":"","background-image":"","background-repeat":"repeat","background-position":"center center","background-size":"auto","background-attachment":"scroll","background-type":"","background-media":"","overlay-type":"","overlay-color":"","overlay-opacity":"","overlay-gradient":""},"mobile":{"background-color":"","background-image":"","background-repeat":"repeat","background-position":"center center","background-size":"auto","background-attachment":"scroll","background-type":"","background-media":"","overlay-type":"","overlay-color":"","overlay-opacity":"","overlay-gradient":""}},"ast-content-background-meta":{"desktop":{"background-color":"var(--ast-global-color-5)","background-image":"","background-repeat":"repeat","background-position":"center center","background-size":"auto","background-attachment":"scroll","background-type":"","background-media":"","overlay-type":"","overlay-color":"","overlay-opacity":"","overlay-gradient":""},"tablet":{"background-color":"var(--ast-global-color-5)","background-image":"","background-repeat":"repeat","background-position":"center center","background-size":"auto","background-attachment":"scroll","background-type":"","background-media":"","overlay-type":"","overlay-color":"","overlay-opacity":"","overlay-gradient":""},"mobile":{"background-color":"var(--ast-global-color-5)","background-image":"","background-repeat":"repeat","background-position":"center center","background-size":"auto","background-attachment":"scroll","background-type":"","background-media":"","overlay-type":"","overlay-color":"","overlay-opacity":"","overlay-gradient":""}},"footnotes":""},"categories":[4,6,20],"tags":[],"class_list":["post-298","post","type-post","status-publish","format-standard","hentry","category-rencontres-2012-2021","category-les-rencontres","category-archives"],"yoast_head":"<!-- This site is optimized with the Yoast SEO plugin v27.4 - https:\/\/yoast.com\/product\/yoast-seo-wordpress\/ -->\n<title>Rencontres 2020 - Rencontres de Brangues<\/title>\n<meta name=\"description\" content=\"Th\u00e9\u00e2tre et po\u00e9sie : conf\u00e9rences, concerts, expositions, spectacles, rencontres, ateliers, formations... au ch\u00e2teau de Brangues en Is\u00e8re, Domaine Paul Claudel, en itin\u00e9rance et dans les \u00e9tablissements scolaires.\" \/>\n<meta name=\"robots\" content=\"index, follow, max-snippet:-1, max-image-preview:large, max-video-preview:-1\" \/>\n<link rel=\"canonical\" href=\"https:\/\/rencontres-brangues.fr\/nrb\/rencontres-2020-0\/\" \/>\n<meta property=\"og:locale\" content=\"fr_FR\" \/>\n<meta property=\"og:type\" content=\"article\" \/>\n<meta property=\"og:title\" content=\"Rencontres 2020 - Rencontres de Brangues\" \/>\n<meta property=\"og:description\" content=\"Th\u00e9\u00e2tre et po\u00e9sie : conf\u00e9rences, concerts, expositions, spectacles, rencontres, ateliers, formations... au ch\u00e2teau de Brangues en Is\u00e8re, Domaine Paul Claudel, en itin\u00e9rance et dans les \u00e9tablissements scolaires.\" \/>\n<meta property=\"og:url\" content=\"https:\/\/rencontres-brangues.fr\/nrb\/rencontres-2020-0\/\" \/>\n<meta property=\"og:site_name\" content=\"Rencontres de Brangues\" \/>\n<meta property=\"article:published_time\" content=\"2021-05-04T16:33:45+00:00\" \/>\n<meta property=\"article:modified_time\" content=\"2023-04-13T13:52:42+00:00\" \/>\n<meta property=\"og:image\" content=\"https:\/\/rencontres-brangues.fr\/nrb\/wp-content\/uploads\/photos\/photos_dun_poeme_lautre_-_damien_gouy_0-1024x1007.jpg\" \/>\n<meta name=\"author\" content=\"cyber\" \/>\n<meta name=\"twitter:card\" content=\"summary_large_image\" \/>\n<meta name=\"twitter:label1\" content=\"\u00c9crit par\" \/>\n\t<meta name=\"twitter:data1\" content=\"cyber\" \/>\n\t<meta name=\"twitter:label2\" content=\"Dur\u00e9e de lecture estim\u00e9e\" \/>\n\t<meta name=\"twitter:data2\" content=\"7 minutes\" \/>\n<script type=\"application\/ld+json\" class=\"yoast-schema-graph\">{\"@context\":\"https:\\\/\\\/schema.org\",\"@graph\":[{\"@type\":\"Article\",\"@id\":\"https:\\\/\\\/rencontres-brangues.fr\\\/nrb\\\/rencontres-2020-0\\\/#article\",\"isPartOf\":{\"@id\":\"https:\\\/\\\/rencontres-brangues.fr\\\/nrb\\\/rencontres-2020-0\\\/\"},\"author\":{\"name\":\"cyber\",\"@id\":\"https:\\\/\\\/rencontres-brangues.fr\\\/nrb\\\/#\\\/schema\\\/person\\\/8efc73a47403742c42b376ce0789da85\"},\"headline\":\"Rencontres 2020\",\"datePublished\":\"2021-05-04T16:33:45+00:00\",\"dateModified\":\"2023-04-13T13:52:42+00:00\",\"mainEntityOfPage\":{\"@id\":\"https:\\\/\\\/rencontres-brangues.fr\\\/nrb\\\/rencontres-2020-0\\\/\"},\"wordCount\":1315,\"publisher\":{\"@id\":\"https:\\\/\\\/rencontres-brangues.fr\\\/nrb\\\/#organization\"},\"image\":{\"@id\":\"https:\\\/\\\/rencontres-brangues.fr\\\/nrb\\\/rencontres-2020-0\\\/#primaryimage\"},\"thumbnailUrl\":\"https:\\\/\\\/rencontres-brangues.fr\\\/nrb\\\/wp-content\\\/uploads\\\/photos\\\/photos_dun_poeme_lautre_-_damien_gouy_0-1024x1007.jpg\",\"articleSection\":[\"Rencontres 2012-2021\",\"Les Rencontres\",\"Archives\"],\"inLanguage\":\"fr-FR\"},{\"@type\":\"WebPage\",\"@id\":\"https:\\\/\\\/rencontres-brangues.fr\\\/nrb\\\/rencontres-2020-0\\\/\",\"url\":\"https:\\\/\\\/rencontres-brangues.fr\\\/nrb\\\/rencontres-2020-0\\\/\",\"name\":\"Rencontres 2020 - Rencontres de Brangues\",\"isPartOf\":{\"@id\":\"https:\\\/\\\/rencontres-brangues.fr\\\/nrb\\\/#website\"},\"primaryImageOfPage\":{\"@id\":\"https:\\\/\\\/rencontres-brangues.fr\\\/nrb\\\/rencontres-2020-0\\\/#primaryimage\"},\"image\":{\"@id\":\"https:\\\/\\\/rencontres-brangues.fr\\\/nrb\\\/rencontres-2020-0\\\/#primaryimage\"},\"thumbnailUrl\":\"https:\\\/\\\/rencontres-brangues.fr\\\/nrb\\\/wp-content\\\/uploads\\\/photos\\\/photos_dun_poeme_lautre_-_damien_gouy_0-1024x1007.jpg\",\"datePublished\":\"2021-05-04T16:33:45+00:00\",\"dateModified\":\"2023-04-13T13:52:42+00:00\",\"description\":\"Th\u00e9\u00e2tre et po\u00e9sie : conf\u00e9rences, concerts, expositions, spectacles, rencontres, ateliers, formations... au ch\u00e2teau de Brangues en Is\u00e8re, Domaine Paul Claudel, en itin\u00e9rance et dans les \u00e9tablissements scolaires.\",\"breadcrumb\":{\"@id\":\"https:\\\/\\\/rencontres-brangues.fr\\\/nrb\\\/rencontres-2020-0\\\/#breadcrumb\"},\"inLanguage\":\"fr-FR\",\"potentialAction\":[{\"@type\":\"ReadAction\",\"target\":[\"https:\\\/\\\/rencontres-brangues.fr\\\/nrb\\\/rencontres-2020-0\\\/\"]}]},{\"@type\":\"ImageObject\",\"inLanguage\":\"fr-FR\",\"@id\":\"https:\\\/\\\/rencontres-brangues.fr\\\/nrb\\\/rencontres-2020-0\\\/#primaryimage\",\"url\":\"https:\\\/\\\/rencontres-brangues.fr\\\/nrb\\\/wp-content\\\/uploads\\\/photos\\\/photos_dun_poeme_lautre_-_damien_gouy_0.jpg\",\"contentUrl\":\"https:\\\/\\\/rencontres-brangues.fr\\\/nrb\\\/wp-content\\\/uploads\\\/photos\\\/photos_dun_poeme_lautre_-_damien_gouy_0.jpg\",\"width\":1083,\"height\":1065,\"caption\":\"D'un po\u00e8me \u00e0 l'autre - Damien Gouy\"},{\"@type\":\"BreadcrumbList\",\"@id\":\"https:\\\/\\\/rencontres-brangues.fr\\\/nrb\\\/rencontres-2020-0\\\/#breadcrumb\",\"itemListElement\":[{\"@type\":\"ListItem\",\"position\":1,\"name\":\"Accueil\",\"item\":\"https:\\\/\\\/rencontres-brangues.fr\\\/nrb\\\/\"},{\"@type\":\"ListItem\",\"position\":2,\"name\":\"Rencontres 2020\"}]},{\"@type\":\"WebSite\",\"@id\":\"https:\\\/\\\/rencontres-brangues.fr\\\/nrb\\\/#website\",\"url\":\"https:\\\/\\\/rencontres-brangues.fr\\\/nrb\\\/\",\"name\":\"Rencontres de Brangues\",\"description\":\"th\u00e9\u00e2tre, musique, po\u00e9sie\",\"publisher\":{\"@id\":\"https:\\\/\\\/rencontres-brangues.fr\\\/nrb\\\/#organization\"},\"potentialAction\":[{\"@type\":\"SearchAction\",\"target\":{\"@type\":\"EntryPoint\",\"urlTemplate\":\"https:\\\/\\\/rencontres-brangues.fr\\\/nrb\\\/?s={search_term_string}\"},\"query-input\":{\"@type\":\"PropertyValueSpecification\",\"valueRequired\":true,\"valueName\":\"search_term_string\"}}],\"inLanguage\":\"fr-FR\"},{\"@type\":\"Organization\",\"@id\":\"https:\\\/\\\/rencontres-brangues.fr\\\/nrb\\\/#organization\",\"name\":\"Nouvelles Rencontres de Brangues\",\"url\":\"https:\\\/\\\/rencontres-brangues.fr\\\/nrb\\\/\",\"logo\":{\"@type\":\"ImageObject\",\"inLanguage\":\"fr-FR\",\"@id\":\"https:\\\/\\\/rencontres-brangues.fr\\\/nrb\\\/#\\\/schema\\\/logo\\\/image\\\/\",\"url\":\"https:\\\/\\\/www.rencontres-brangues.fr\\\/nrb\\\/wp-content\\\/uploads\\\/petit-logo-nrb.png\",\"contentUrl\":\"https:\\\/\\\/www.rencontres-brangues.fr\\\/nrb\\\/wp-content\\\/uploads\\\/petit-logo-nrb.png\",\"width\":306,\"height\":306,\"caption\":\"Nouvelles Rencontres de Brangues\"},\"image\":{\"@id\":\"https:\\\/\\\/rencontres-brangues.fr\\\/nrb\\\/#\\\/schema\\\/logo\\\/image\\\/\"}},{\"@type\":\"Person\",\"@id\":\"https:\\\/\\\/rencontres-brangues.fr\\\/nrb\\\/#\\\/schema\\\/person\\\/8efc73a47403742c42b376ce0789da85\",\"name\":\"cyber\",\"sameAs\":[\"https:\\\/\\\/www.rencontres-brangues.fr\\\/nrb\"]}]}<\/script>\n<!-- \/ Yoast SEO plugin. -->","yoast_head_json":{"title":"Rencontres 2020 - Rencontres de Brangues","description":"Th\u00e9\u00e2tre et po\u00e9sie : conf\u00e9rences, concerts, expositions, spectacles, rencontres, ateliers, formations... au ch\u00e2teau de Brangues en Is\u00e8re, Domaine Paul Claudel, en itin\u00e9rance et dans les \u00e9tablissements scolaires.","robots":{"index":"index","follow":"follow","max-snippet":"max-snippet:-1","max-image-preview":"max-image-preview:large","max-video-preview":"max-video-preview:-1"},"canonical":"https:\/\/rencontres-brangues.fr\/nrb\/rencontres-2020-0\/","og_locale":"fr_FR","og_type":"article","og_title":"Rencontres 2020 - Rencontres de Brangues","og_description":"Th\u00e9\u00e2tre et po\u00e9sie : conf\u00e9rences, concerts, expositions, spectacles, rencontres, ateliers, formations... au ch\u00e2teau de Brangues en Is\u00e8re, Domaine Paul Claudel, en itin\u00e9rance et dans les \u00e9tablissements scolaires.","og_url":"https:\/\/rencontres-brangues.fr\/nrb\/rencontres-2020-0\/","og_site_name":"Rencontres de Brangues","article_published_time":"2021-05-04T16:33:45+00:00","article_modified_time":"2023-04-13T13:52:42+00:00","og_image":[{"url":"https:\/\/rencontres-brangues.fr\/nrb\/wp-content\/uploads\/photos\/photos_dun_poeme_lautre_-_damien_gouy_0-1024x1007.jpg","type":"","width":"","height":""}],"author":"cyber","twitter_card":"summary_large_image","twitter_misc":{"\u00c9crit par":"cyber","Dur\u00e9e de lecture estim\u00e9e":"7 minutes"},"schema":{"@context":"https:\/\/schema.org","@graph":[{"@type":"Article","@id":"https:\/\/rencontres-brangues.fr\/nrb\/rencontres-2020-0\/#article","isPartOf":{"@id":"https:\/\/rencontres-brangues.fr\/nrb\/rencontres-2020-0\/"},"author":{"name":"cyber","@id":"https:\/\/rencontres-brangues.fr\/nrb\/#\/schema\/person\/8efc73a47403742c42b376ce0789da85"},"headline":"Rencontres 2020","datePublished":"2021-05-04T16:33:45+00:00","dateModified":"2023-04-13T13:52:42+00:00","mainEntityOfPage":{"@id":"https:\/\/rencontres-brangues.fr\/nrb\/rencontres-2020-0\/"},"wordCount":1315,"publisher":{"@id":"https:\/\/rencontres-brangues.fr\/nrb\/#organization"},"image":{"@id":"https:\/\/rencontres-brangues.fr\/nrb\/rencontres-2020-0\/#primaryimage"},"thumbnailUrl":"https:\/\/rencontres-brangues.fr\/nrb\/wp-content\/uploads\/photos\/photos_dun_poeme_lautre_-_damien_gouy_0-1024x1007.jpg","articleSection":["Rencontres 2012-2021","Les Rencontres","Archives"],"inLanguage":"fr-FR"},{"@type":"WebPage","@id":"https:\/\/rencontres-brangues.fr\/nrb\/rencontres-2020-0\/","url":"https:\/\/rencontres-brangues.fr\/nrb\/rencontres-2020-0\/","name":"Rencontres 2020 - Rencontres de Brangues","isPartOf":{"@id":"https:\/\/rencontres-brangues.fr\/nrb\/#website"},"primaryImageOfPage":{"@id":"https:\/\/rencontres-brangues.fr\/nrb\/rencontres-2020-0\/#primaryimage"},"image":{"@id":"https:\/\/rencontres-brangues.fr\/nrb\/rencontres-2020-0\/#primaryimage"},"thumbnailUrl":"https:\/\/rencontres-brangues.fr\/nrb\/wp-content\/uploads\/photos\/photos_dun_poeme_lautre_-_damien_gouy_0-1024x1007.jpg","datePublished":"2021-05-04T16:33:45+00:00","dateModified":"2023-04-13T13:52:42+00:00","description":"Th\u00e9\u00e2tre et po\u00e9sie : conf\u00e9rences, concerts, expositions, spectacles, rencontres, ateliers, formations... au ch\u00e2teau de Brangues en Is\u00e8re, Domaine Paul Claudel, en itin\u00e9rance et dans les \u00e9tablissements scolaires.","breadcrumb":{"@id":"https:\/\/rencontres-brangues.fr\/nrb\/rencontres-2020-0\/#breadcrumb"},"inLanguage":"fr-FR","potentialAction":[{"@type":"ReadAction","target":["https:\/\/rencontres-brangues.fr\/nrb\/rencontres-2020-0\/"]}]},{"@type":"ImageObject","inLanguage":"fr-FR","@id":"https:\/\/rencontres-brangues.fr\/nrb\/rencontres-2020-0\/#primaryimage","url":"https:\/\/rencontres-brangues.fr\/nrb\/wp-content\/uploads\/photos\/photos_dun_poeme_lautre_-_damien_gouy_0.jpg","contentUrl":"https:\/\/rencontres-brangues.fr\/nrb\/wp-content\/uploads\/photos\/photos_dun_poeme_lautre_-_damien_gouy_0.jpg","width":1083,"height":1065,"caption":"D'un po\u00e8me \u00e0 l'autre - Damien Gouy"},{"@type":"BreadcrumbList","@id":"https:\/\/rencontres-brangues.fr\/nrb\/rencontres-2020-0\/#breadcrumb","itemListElement":[{"@type":"ListItem","position":1,"name":"Accueil","item":"https:\/\/rencontres-brangues.fr\/nrb\/"},{"@type":"ListItem","position":2,"name":"Rencontres 2020"}]},{"@type":"WebSite","@id":"https:\/\/rencontres-brangues.fr\/nrb\/#website","url":"https:\/\/rencontres-brangues.fr\/nrb\/","name":"Rencontres de Brangues","description":"th\u00e9\u00e2tre, musique, po\u00e9sie","publisher":{"@id":"https:\/\/rencontres-brangues.fr\/nrb\/#organization"},"potentialAction":[{"@type":"SearchAction","target":{"@type":"EntryPoint","urlTemplate":"https:\/\/rencontres-brangues.fr\/nrb\/?s={search_term_string}"},"query-input":{"@type":"PropertyValueSpecification","valueRequired":true,"valueName":"search_term_string"}}],"inLanguage":"fr-FR"},{"@type":"Organization","@id":"https:\/\/rencontres-brangues.fr\/nrb\/#organization","name":"Nouvelles Rencontres de Brangues","url":"https:\/\/rencontres-brangues.fr\/nrb\/","logo":{"@type":"ImageObject","inLanguage":"fr-FR","@id":"https:\/\/rencontres-brangues.fr\/nrb\/#\/schema\/logo\/image\/","url":"https:\/\/www.rencontres-brangues.fr\/nrb\/wp-content\/uploads\/petit-logo-nrb.png","contentUrl":"https:\/\/www.rencontres-brangues.fr\/nrb\/wp-content\/uploads\/petit-logo-nrb.png","width":306,"height":306,"caption":"Nouvelles Rencontres de Brangues"},"image":{"@id":"https:\/\/rencontres-brangues.fr\/nrb\/#\/schema\/logo\/image\/"}},{"@type":"Person","@id":"https:\/\/rencontres-brangues.fr\/nrb\/#\/schema\/person\/8efc73a47403742c42b376ce0789da85","name":"cyber","sameAs":["https:\/\/www.rencontres-brangues.fr\/nrb"]}]}},"uagb_featured_image_src":{"full":false,"thumbnail":false,"medium":false,"medium_large":false,"large":false,"1536x1536":false,"2048x2048":false,"woocommerce_thumbnail":false,"woocommerce_single":false,"woocommerce_gallery_thumbnail":false},"uagb_author_info":{"display_name":"cyber","author_link":"https:\/\/rencontres-brangues.fr\/nrb\/author\/cyber\/"},"uagb_comment_info":0,"uagb_excerpt":"Dimanche 13 Septembre au Dimanche 20 Septembre 2020 DIMANCHE 13 SEPTEMBRE \u25ba&nbsp;15h00 : Ch\u00e2teau de Montplaisant &#8211; SAINT HILAIRE DE BRENS D\u2019UN PO\u00c8ME \u00c0 L&rsquo;AUTRE, TRAVERS\u00c9E DES PAYSAGES D&rsquo;ICI ET D&rsquo;AILLEURS avec PAUL CLAUDEL Avec :&nbsp;Damien Gouy &#8211;","_links":{"self":[{"href":"https:\/\/rencontres-brangues.fr\/nrb\/wp-json\/wp\/v2\/posts\/298","targetHints":{"allow":["GET"]}}],"collection":[{"href":"https:\/\/rencontres-brangues.fr\/nrb\/wp-json\/wp\/v2\/posts"}],"about":[{"href":"https:\/\/rencontres-brangues.fr\/nrb\/wp-json\/wp\/v2\/types\/post"}],"author":[{"embeddable":true,"href":"https:\/\/rencontres-brangues.fr\/nrb\/wp-json\/wp\/v2\/users\/1"}],"replies":[{"embeddable":true,"href":"https:\/\/rencontres-brangues.fr\/nrb\/wp-json\/wp\/v2\/comments?post=298"}],"version-history":[{"count":4,"href":"https:\/\/rencontres-brangues.fr\/nrb\/wp-json\/wp\/v2\/posts\/298\/revisions"}],"predecessor-version":[{"id":2421,"href":"https:\/\/rencontres-brangues.fr\/nrb\/wp-json\/wp\/v2\/posts\/298\/revisions\/2421"}],"wp:attachment":[{"href":"https:\/\/rencontres-brangues.fr\/nrb\/wp-json\/wp\/v2\/media?parent=298"}],"wp:term":[{"taxonomy":"category","embeddable":true,"href":"https:\/\/rencontres-brangues.fr\/nrb\/wp-json\/wp\/v2\/categories?post=298"},{"taxonomy":"post_tag","embeddable":true,"href":"https:\/\/rencontres-brangues.fr\/nrb\/wp-json\/wp\/v2\/tags?post=298"}],"curies":[{"name":"wp","href":"https:\/\/api.w.org\/{rel}","templated":true}]}}