{"id":2812,"date":"2023-06-01T23:51:28","date_gmt":"2023-06-01T21:51:28","guid":{"rendered":"https:\/\/rencontres-brangues.fr\/nrb\/?p=2812"},"modified":"2024-02-16T06:38:40","modified_gmt":"2024-02-16T05:38:40","slug":"paul-claudel-saint-john-perse-diplomates-et-poetes-dun-meme-siecle","status":"publish","type":"post","link":"https:\/\/rencontres-brangues.fr\/nrb\/paul-claudel-saint-john-perse-diplomates-et-poetes-dun-meme-siecle\/","title":{"rendered":"\u00ab\u00a0Paul Claudel &#8211; Saint-John Perse, diplomates et po\u00e8tes d\u2019un m\u00eame si\u00e8cle\u00a0\u00bb"},"content":{"rendered":"\n<p class=\"has-vivid-red-color has-text-color\"><strong>SAMEDI 24 JUIN 2023<\/strong><\/p>\n\n\n\n<p><code>14h -&gt; Sous le tilleul<\/code><\/p>\n\n\n\n<h3 class=\"wp-block-heading\"><strong>D\u00e9bat et lecture<\/strong><\/h3>\n\n\n\n<p class=\"has-small-font-size\">Approche crois\u00e9e par Catherine Mayaux; lecture po\u00e9tique par Louise Chevillotte et Julien Tiphaine, com\u00e9diens \u2014 avec le concours de Muriel Calvet, Directrice de la Fondation Saint-John Perse.<br>En partenariat avec l\u2019ABVL (Association Brangues Village Litt\u00e9rature) dans le cadre de l\u2019exposition \u00ab\u00a0Paul Claudel et Saint-John Perse, chemins crois\u00e9s\u00a0\u00bb pr\u00e9sent\u00e9e \u00e0 l\u2019Espace Claudel Stendhal jusqu\u2019au 24\/09\/2023.<\/p>\n\n\n\n<div style=\"height:19px\" aria-hidden=\"true\" class=\"wp-block-spacer\"><\/div>\n\n\n\n<figure class=\"wp-block-image alignright size-full is-resized\"><img loading=\"lazy\" decoding=\"async\" src=\"https:\/\/rencontres-brangues.fr\/nrb\/wp-content\/uploads\/FC_CMJN.png\" alt=\"logo France Culture\" class=\"wp-image-1482\" width=\"50\" height=\"50\" srcset=\"https:\/\/rencontres-brangues.fr\/nrb\/wp-content\/uploads\/FC_CMJN.png 200w, https:\/\/rencontres-brangues.fr\/nrb\/wp-content\/uploads\/FC_CMJN-150x150.png 150w, https:\/\/rencontres-brangues.fr\/nrb\/wp-content\/uploads\/FC_CMJN-100x100.png 100w\" sizes=\"auto, (max-width: 50px) 100vw, 50px\" \/><\/figure>\n\n\n\n<p><code>14h30 \u2192 Biblioth\u00e8que Paul C<\/code>laudel<\/p>\n\n\n\n<p class=\"has-small-font-size\"><strong><a href=\"https:\/\/rencontres-brangues.fr\/nrb\/enregistrements-dans-la-bibliotheque-pierre-claudel\/\">Enregistrement public<\/a>,<\/strong><em><strong> <\/strong><\/em>en partenariat avec France Culture<\/p>\n","protected":false},"excerpt":{"rendered":"<p class=\"has-vivid-red-color has-text-color\">SAMEDI 24 JUIN 2023<\/p>\n<p>14h -&gt; Sous le tilleul<\/p>\n<p>D\u00e9bat et lecture<\/p>\n<p class=\"has-small-font-size\">Approche crois\u00e9e par Catherine Mayaux; lecture po\u00e9tique par Louise Chevillotte et Julien Tiphaine,<\/p>\n","protected":false},"author":1,"featured_media":0,"comment_status":"closed","ping_status":"closed","sticky":false,"template":"","format":"standard","meta":{"_uag_custom_page_level_css":"","site-sidebar-layout":"default","site-content-layout":"","ast-site-content-layout":"default","site-content-style":"default","site-sidebar-style":"default","ast-global-header-display":"","ast-banner-title-visibility":"","ast-main-header-display":"","ast-hfb-above-header-display":"","ast-hfb-below-header-display":"","ast-hfb-mobile-header-display":"","site-post-title":"","ast-breadcrumbs-content":"","ast-featured-img":"","footer-sml-layout":"","ast-disable-related-posts":"","theme-transparent-header-meta":"","adv-header-id-meta":"","stick-header-meta":"","header-above-stick-meta":"","header-main-stick-meta":"","header-below-stick-meta":"","astra-migrate-meta-layouts":"default","ast-page-background-enabled":"default","ast-page-background-meta":{"desktop":{"background-color":"var(--ast-global-color-4)","background-image":"","background-repeat":"repeat","background-position":"center center","background-size":"auto","background-attachment":"scroll","background-type":"","background-media":"","overlay-type":"","overlay-color":"","overlay-opacity":"","overlay-gradient":""},"tablet":{"background-color":"","background-image":"","background-repeat":"repeat","background-position":"center center","background-size":"auto","background-attachment":"scroll","background-type":"","background-media":"","overlay-type":"","overlay-color":"","overlay-opacity":"","overlay-gradient":""},"mobile":{"background-color":"","background-image":"","background-repeat":"repeat","background-position":"center center","background-size":"auto","background-attachment":"scroll","background-type":"","background-media":"","overlay-type":"","overlay-color":"","overlay-opacity":"","overlay-gradient":""}},"ast-content-background-meta":{"desktop":{"background-color":"var(--ast-global-color-5)","background-image":"","background-repeat":"repeat","background-position":"center center","background-size":"auto","background-attachment":"scroll","background-type":"","background-media":"","overlay-type":"","overlay-color":"","overlay-opacity":"","overlay-gradient":""},"tablet":{"background-color":"var(--ast-global-color-5)","background-image":"","background-repeat":"repeat","background-position":"center center","background-size":"auto","background-attachment":"scroll","background-type":"","background-media":"","overlay-type":"","overlay-color":"","overlay-opacity":"","overlay-gradient":""},"mobile":{"background-color":"var(--ast-global-color-5)","background-image":"","background-repeat":"repeat","background-position":"center center","background-size":"auto","background-attachment":"scroll","background-type":"","background-media":"","overlay-type":"","overlay-color":"","overlay-opacity":"","overlay-gradient":""}},"footnotes":""},"categories":[46],"tags":[],"class_list":["post-2812","post","type-post","status-publish","format-standard","hentry","category-rencontres-2023"],"yoast_head":"<!-- This site is optimized with the Yoast SEO plugin v27.5 - https:\/\/yoast.com\/product\/yoast-seo-wordpress\/ -->\n<title>\u00ab\u00a0Paul Claudel - Saint-John Perse, diplomates et po\u00e8tes d\u2019un m\u00eame si\u00e8cle\u00a0\u00bb - Rencontres de Brangues<\/title>\n<meta name=\"description\" content=\"Th\u00e9\u00e2tre et po\u00e9sie : conf\u00e9rences, concerts, expositions, spectacles, rencontres, ateliers, formations... au ch\u00e2teau de Brangues en Is\u00e8re, Domaine Paul Claudel, en itin\u00e9rance et dans les \u00e9tablissements scolaires.\" \/>\n<meta name=\"robots\" content=\"index, follow, max-snippet:-1, max-image-preview:large, max-video-preview:-1\" \/>\n<link rel=\"canonical\" href=\"https:\/\/rencontres-brangues.fr\/nrb\/paul-claudel-saint-john-perse-diplomates-et-poetes-dun-meme-siecle\/\" \/>\n<meta property=\"og:locale\" content=\"fr_FR\" \/>\n<meta property=\"og:type\" content=\"article\" \/>\n<meta property=\"og:title\" content=\"\u00ab\u00a0Paul Claudel - Saint-John Perse, diplomates et po\u00e8tes d\u2019un m\u00eame si\u00e8cle\u00a0\u00bb - Rencontres de Brangues\" \/>\n<meta property=\"og:description\" content=\"Th\u00e9\u00e2tre et po\u00e9sie : conf\u00e9rences, concerts, expositions, spectacles, rencontres, ateliers, formations... au ch\u00e2teau de Brangues en Is\u00e8re, Domaine Paul Claudel, en itin\u00e9rance et dans les \u00e9tablissements scolaires.\" \/>\n<meta property=\"og:url\" content=\"https:\/\/rencontres-brangues.fr\/nrb\/paul-claudel-saint-john-perse-diplomates-et-poetes-dun-meme-siecle\/\" \/>\n<meta property=\"og:site_name\" content=\"Rencontres de Brangues\" \/>\n<meta property=\"article:published_time\" content=\"2023-06-01T21:51:28+00:00\" \/>\n<meta property=\"article:modified_time\" content=\"2024-02-16T05:38:40+00:00\" \/>\n<meta property=\"og:image\" content=\"https:\/\/rencontres-brangues.fr\/nrb\/wp-content\/uploads\/FC_CMJN.png\" \/>\n<meta name=\"author\" content=\"cyber\" \/>\n<meta name=\"twitter:card\" content=\"summary_large_image\" \/>\n<meta name=\"twitter:label1\" content=\"\u00c9crit par\" \/>\n\t<meta name=\"twitter:data1\" content=\"cyber\" \/>\n<script type=\"application\/ld+json\" class=\"yoast-schema-graph\">{\"@context\":\"https:\\\/\\\/schema.org\",\"@graph\":[{\"@type\":\"Article\",\"@id\":\"https:\\\/\\\/rencontres-brangues.fr\\\/nrb\\\/paul-claudel-saint-john-perse-diplomates-et-poetes-dun-meme-siecle\\\/#article\",\"isPartOf\":{\"@id\":\"https:\\\/\\\/rencontres-brangues.fr\\\/nrb\\\/paul-claudel-saint-john-perse-diplomates-et-poetes-dun-meme-siecle\\\/\"},\"author\":{\"name\":\"cyber\",\"@id\":\"https:\\\/\\\/rencontres-brangues.fr\\\/nrb\\\/#\\\/schema\\\/person\\\/8efc73a47403742c42b376ce0789da85\"},\"headline\":\"\u00ab\u00a0Paul Claudel &#8211; Saint-John Perse, diplomates et po\u00e8tes d\u2019un m\u00eame si\u00e8cle\u00a0\u00bb\",\"datePublished\":\"2023-06-01T21:51:28+00:00\",\"dateModified\":\"2024-02-16T05:38:40+00:00\",\"mainEntityOfPage\":{\"@id\":\"https:\\\/\\\/rencontres-brangues.fr\\\/nrb\\\/paul-claudel-saint-john-perse-diplomates-et-poetes-dun-meme-siecle\\\/\"},\"wordCount\":91,\"publisher\":{\"@id\":\"https:\\\/\\\/rencontres-brangues.fr\\\/nrb\\\/#organization\"},\"image\":{\"@id\":\"https:\\\/\\\/rencontres-brangues.fr\\\/nrb\\\/paul-claudel-saint-john-perse-diplomates-et-poetes-dun-meme-siecle\\\/#primaryimage\"},\"thumbnailUrl\":\"https:\\\/\\\/rencontres-brangues.fr\\\/nrb\\\/wp-content\\\/uploads\\\/FC_CMJN.png\",\"articleSection\":[\"Rencontres 2023\"],\"inLanguage\":\"fr-FR\"},{\"@type\":\"WebPage\",\"@id\":\"https:\\\/\\\/rencontres-brangues.fr\\\/nrb\\\/paul-claudel-saint-john-perse-diplomates-et-poetes-dun-meme-siecle\\\/\",\"url\":\"https:\\\/\\\/rencontres-brangues.fr\\\/nrb\\\/paul-claudel-saint-john-perse-diplomates-et-poetes-dun-meme-siecle\\\/\",\"name\":\"\u00ab\u00a0Paul Claudel - Saint-John Perse, diplomates et po\u00e8tes d\u2019un m\u00eame si\u00e8cle\u00a0\u00bb - Rencontres de Brangues\",\"isPartOf\":{\"@id\":\"https:\\\/\\\/rencontres-brangues.fr\\\/nrb\\\/#website\"},\"primaryImageOfPage\":{\"@id\":\"https:\\\/\\\/rencontres-brangues.fr\\\/nrb\\\/paul-claudel-saint-john-perse-diplomates-et-poetes-dun-meme-siecle\\\/#primaryimage\"},\"image\":{\"@id\":\"https:\\\/\\\/rencontres-brangues.fr\\\/nrb\\\/paul-claudel-saint-john-perse-diplomates-et-poetes-dun-meme-siecle\\\/#primaryimage\"},\"thumbnailUrl\":\"https:\\\/\\\/rencontres-brangues.fr\\\/nrb\\\/wp-content\\\/uploads\\\/FC_CMJN.png\",\"datePublished\":\"2023-06-01T21:51:28+00:00\",\"dateModified\":\"2024-02-16T05:38:40+00:00\",\"description\":\"Th\u00e9\u00e2tre et po\u00e9sie : conf\u00e9rences, concerts, expositions, spectacles, rencontres, ateliers, formations... au ch\u00e2teau de Brangues en Is\u00e8re, Domaine Paul Claudel, en itin\u00e9rance et dans les \u00e9tablissements scolaires.\",\"breadcrumb\":{\"@id\":\"https:\\\/\\\/rencontres-brangues.fr\\\/nrb\\\/paul-claudel-saint-john-perse-diplomates-et-poetes-dun-meme-siecle\\\/#breadcrumb\"},\"inLanguage\":\"fr-FR\",\"potentialAction\":[{\"@type\":\"ReadAction\",\"target\":[\"https:\\\/\\\/rencontres-brangues.fr\\\/nrb\\\/paul-claudel-saint-john-perse-diplomates-et-poetes-dun-meme-siecle\\\/\"]}]},{\"@type\":\"ImageObject\",\"inLanguage\":\"fr-FR\",\"@id\":\"https:\\\/\\\/rencontres-brangues.fr\\\/nrb\\\/paul-claudel-saint-john-perse-diplomates-et-poetes-dun-meme-siecle\\\/#primaryimage\",\"url\":\"https:\\\/\\\/rencontres-brangues.fr\\\/nrb\\\/wp-content\\\/uploads\\\/FC_CMJN.png\",\"contentUrl\":\"https:\\\/\\\/rencontres-brangues.fr\\\/nrb\\\/wp-content\\\/uploads\\\/FC_CMJN.png\",\"width\":200,\"height\":200,\"caption\":\"logo France Culture\"},{\"@type\":\"BreadcrumbList\",\"@id\":\"https:\\\/\\\/rencontres-brangues.fr\\\/nrb\\\/paul-claudel-saint-john-perse-diplomates-et-poetes-dun-meme-siecle\\\/#breadcrumb\",\"itemListElement\":[{\"@type\":\"ListItem\",\"position\":1,\"name\":\"Accueil\",\"item\":\"https:\\\/\\\/rencontres-brangues.fr\\\/nrb\\\/\"},{\"@type\":\"ListItem\",\"position\":2,\"name\":\"\u00ab\u00a0Paul Claudel &#8211; Saint-John Perse, diplomates et po\u00e8tes d\u2019un m\u00eame si\u00e8cle\u00a0\u00bb\"}]},{\"@type\":\"WebSite\",\"@id\":\"https:\\\/\\\/rencontres-brangues.fr\\\/nrb\\\/#website\",\"url\":\"https:\\\/\\\/rencontres-brangues.fr\\\/nrb\\\/\",\"name\":\"Rencontres de Brangues\",\"description\":\"th\u00e9\u00e2tre, musique, po\u00e9sie\",\"publisher\":{\"@id\":\"https:\\\/\\\/rencontres-brangues.fr\\\/nrb\\\/#organization\"},\"potentialAction\":[{\"@type\":\"SearchAction\",\"target\":{\"@type\":\"EntryPoint\",\"urlTemplate\":\"https:\\\/\\\/rencontres-brangues.fr\\\/nrb\\\/?s={search_term_string}\"},\"query-input\":{\"@type\":\"PropertyValueSpecification\",\"valueRequired\":true,\"valueName\":\"search_term_string\"}}],\"inLanguage\":\"fr-FR\"},{\"@type\":\"Organization\",\"@id\":\"https:\\\/\\\/rencontres-brangues.fr\\\/nrb\\\/#organization\",\"name\":\"Nouvelles Rencontres de Brangues\",\"url\":\"https:\\\/\\\/rencontres-brangues.fr\\\/nrb\\\/\",\"logo\":{\"@type\":\"ImageObject\",\"inLanguage\":\"fr-FR\",\"@id\":\"https:\\\/\\\/rencontres-brangues.fr\\\/nrb\\\/#\\\/schema\\\/logo\\\/image\\\/\",\"url\":\"https:\\\/\\\/www.rencontres-brangues.fr\\\/nrb\\\/wp-content\\\/uploads\\\/petit-logo-nrb.png\",\"contentUrl\":\"https:\\\/\\\/www.rencontres-brangues.fr\\\/nrb\\\/wp-content\\\/uploads\\\/petit-logo-nrb.png\",\"width\":306,\"height\":306,\"caption\":\"Nouvelles Rencontres de Brangues\"},\"image\":{\"@id\":\"https:\\\/\\\/rencontres-brangues.fr\\\/nrb\\\/#\\\/schema\\\/logo\\\/image\\\/\"}},{\"@type\":\"Person\",\"@id\":\"https:\\\/\\\/rencontres-brangues.fr\\\/nrb\\\/#\\\/schema\\\/person\\\/8efc73a47403742c42b376ce0789da85\",\"name\":\"cyber\",\"sameAs\":[\"https:\\\/\\\/www.rencontres-brangues.fr\\\/nrb\"]}]}<\/script>\n<!-- \/ Yoast SEO plugin. -->","yoast_head_json":{"title":"\u00ab\u00a0Paul Claudel - Saint-John Perse, diplomates et po\u00e8tes d\u2019un m\u00eame si\u00e8cle\u00a0\u00bb - Rencontres de Brangues","description":"Th\u00e9\u00e2tre et po\u00e9sie : conf\u00e9rences, concerts, expositions, spectacles, rencontres, ateliers, formations... au ch\u00e2teau de Brangues en Is\u00e8re, Domaine Paul Claudel, en itin\u00e9rance et dans les \u00e9tablissements scolaires.","robots":{"index":"index","follow":"follow","max-snippet":"max-snippet:-1","max-image-preview":"max-image-preview:large","max-video-preview":"max-video-preview:-1"},"canonical":"https:\/\/rencontres-brangues.fr\/nrb\/paul-claudel-saint-john-perse-diplomates-et-poetes-dun-meme-siecle\/","og_locale":"fr_FR","og_type":"article","og_title":"\u00ab\u00a0Paul Claudel - Saint-John Perse, diplomates et po\u00e8tes d\u2019un m\u00eame si\u00e8cle\u00a0\u00bb - Rencontres de Brangues","og_description":"Th\u00e9\u00e2tre et po\u00e9sie : conf\u00e9rences, concerts, expositions, spectacles, rencontres, ateliers, formations... au ch\u00e2teau de Brangues en Is\u00e8re, Domaine Paul Claudel, en itin\u00e9rance et dans les \u00e9tablissements scolaires.","og_url":"https:\/\/rencontres-brangues.fr\/nrb\/paul-claudel-saint-john-perse-diplomates-et-poetes-dun-meme-siecle\/","og_site_name":"Rencontres de Brangues","article_published_time":"2023-06-01T21:51:28+00:00","article_modified_time":"2024-02-16T05:38:40+00:00","og_image":[{"url":"https:\/\/rencontres-brangues.fr\/nrb\/wp-content\/uploads\/FC_CMJN.png","type":"","width":"","height":""}],"author":"cyber","twitter_card":"summary_large_image","twitter_misc":{"\u00c9crit par":"cyber"},"schema":{"@context":"https:\/\/schema.org","@graph":[{"@type":"Article","@id":"https:\/\/rencontres-brangues.fr\/nrb\/paul-claudel-saint-john-perse-diplomates-et-poetes-dun-meme-siecle\/#article","isPartOf":{"@id":"https:\/\/rencontres-brangues.fr\/nrb\/paul-claudel-saint-john-perse-diplomates-et-poetes-dun-meme-siecle\/"},"author":{"name":"cyber","@id":"https:\/\/rencontres-brangues.fr\/nrb\/#\/schema\/person\/8efc73a47403742c42b376ce0789da85"},"headline":"\u00ab\u00a0Paul Claudel &#8211; Saint-John Perse, diplomates et po\u00e8tes d\u2019un m\u00eame si\u00e8cle\u00a0\u00bb","datePublished":"2023-06-01T21:51:28+00:00","dateModified":"2024-02-16T05:38:40+00:00","mainEntityOfPage":{"@id":"https:\/\/rencontres-brangues.fr\/nrb\/paul-claudel-saint-john-perse-diplomates-et-poetes-dun-meme-siecle\/"},"wordCount":91,"publisher":{"@id":"https:\/\/rencontres-brangues.fr\/nrb\/#organization"},"image":{"@id":"https:\/\/rencontres-brangues.fr\/nrb\/paul-claudel-saint-john-perse-diplomates-et-poetes-dun-meme-siecle\/#primaryimage"},"thumbnailUrl":"https:\/\/rencontres-brangues.fr\/nrb\/wp-content\/uploads\/FC_CMJN.png","articleSection":["Rencontres 2023"],"inLanguage":"fr-FR"},{"@type":"WebPage","@id":"https:\/\/rencontres-brangues.fr\/nrb\/paul-claudel-saint-john-perse-diplomates-et-poetes-dun-meme-siecle\/","url":"https:\/\/rencontres-brangues.fr\/nrb\/paul-claudel-saint-john-perse-diplomates-et-poetes-dun-meme-siecle\/","name":"\u00ab\u00a0Paul Claudel - Saint-John Perse, diplomates et po\u00e8tes d\u2019un m\u00eame si\u00e8cle\u00a0\u00bb - Rencontres de Brangues","isPartOf":{"@id":"https:\/\/rencontres-brangues.fr\/nrb\/#website"},"primaryImageOfPage":{"@id":"https:\/\/rencontres-brangues.fr\/nrb\/paul-claudel-saint-john-perse-diplomates-et-poetes-dun-meme-siecle\/#primaryimage"},"image":{"@id":"https:\/\/rencontres-brangues.fr\/nrb\/paul-claudel-saint-john-perse-diplomates-et-poetes-dun-meme-siecle\/#primaryimage"},"thumbnailUrl":"https:\/\/rencontres-brangues.fr\/nrb\/wp-content\/uploads\/FC_CMJN.png","datePublished":"2023-06-01T21:51:28+00:00","dateModified":"2024-02-16T05:38:40+00:00","description":"Th\u00e9\u00e2tre et po\u00e9sie : conf\u00e9rences, concerts, expositions, spectacles, rencontres, ateliers, formations... au ch\u00e2teau de Brangues en Is\u00e8re, Domaine Paul Claudel, en itin\u00e9rance et dans les \u00e9tablissements scolaires.","breadcrumb":{"@id":"https:\/\/rencontres-brangues.fr\/nrb\/paul-claudel-saint-john-perse-diplomates-et-poetes-dun-meme-siecle\/#breadcrumb"},"inLanguage":"fr-FR","potentialAction":[{"@type":"ReadAction","target":["https:\/\/rencontres-brangues.fr\/nrb\/paul-claudel-saint-john-perse-diplomates-et-poetes-dun-meme-siecle\/"]}]},{"@type":"ImageObject","inLanguage":"fr-FR","@id":"https:\/\/rencontres-brangues.fr\/nrb\/paul-claudel-saint-john-perse-diplomates-et-poetes-dun-meme-siecle\/#primaryimage","url":"https:\/\/rencontres-brangues.fr\/nrb\/wp-content\/uploads\/FC_CMJN.png","contentUrl":"https:\/\/rencontres-brangues.fr\/nrb\/wp-content\/uploads\/FC_CMJN.png","width":200,"height":200,"caption":"logo France Culture"},{"@type":"BreadcrumbList","@id":"https:\/\/rencontres-brangues.fr\/nrb\/paul-claudel-saint-john-perse-diplomates-et-poetes-dun-meme-siecle\/#breadcrumb","itemListElement":[{"@type":"ListItem","position":1,"name":"Accueil","item":"https:\/\/rencontres-brangues.fr\/nrb\/"},{"@type":"ListItem","position":2,"name":"\u00ab\u00a0Paul Claudel &#8211; Saint-John Perse, diplomates et po\u00e8tes d\u2019un m\u00eame si\u00e8cle\u00a0\u00bb"}]},{"@type":"WebSite","@id":"https:\/\/rencontres-brangues.fr\/nrb\/#website","url":"https:\/\/rencontres-brangues.fr\/nrb\/","name":"Rencontres de Brangues","description":"th\u00e9\u00e2tre, musique, po\u00e9sie","publisher":{"@id":"https:\/\/rencontres-brangues.fr\/nrb\/#organization"},"potentialAction":[{"@type":"SearchAction","target":{"@type":"EntryPoint","urlTemplate":"https:\/\/rencontres-brangues.fr\/nrb\/?s={search_term_string}"},"query-input":{"@type":"PropertyValueSpecification","valueRequired":true,"valueName":"search_term_string"}}],"inLanguage":"fr-FR"},{"@type":"Organization","@id":"https:\/\/rencontres-brangues.fr\/nrb\/#organization","name":"Nouvelles Rencontres de Brangues","url":"https:\/\/rencontres-brangues.fr\/nrb\/","logo":{"@type":"ImageObject","inLanguage":"fr-FR","@id":"https:\/\/rencontres-brangues.fr\/nrb\/#\/schema\/logo\/image\/","url":"https:\/\/www.rencontres-brangues.fr\/nrb\/wp-content\/uploads\/petit-logo-nrb.png","contentUrl":"https:\/\/www.rencontres-brangues.fr\/nrb\/wp-content\/uploads\/petit-logo-nrb.png","width":306,"height":306,"caption":"Nouvelles Rencontres de Brangues"},"image":{"@id":"https:\/\/rencontres-brangues.fr\/nrb\/#\/schema\/logo\/image\/"}},{"@type":"Person","@id":"https:\/\/rencontres-brangues.fr\/nrb\/#\/schema\/person\/8efc73a47403742c42b376ce0789da85","name":"cyber","sameAs":["https:\/\/www.rencontres-brangues.fr\/nrb"]}]}},"uagb_featured_image_src":{"full":false,"thumbnail":false,"medium":false,"medium_large":false,"large":false,"1536x1536":false,"2048x2048":false,"woocommerce_thumbnail":false,"woocommerce_single":false,"woocommerce_gallery_thumbnail":false},"uagb_author_info":{"display_name":"cyber","author_link":"https:\/\/rencontres-brangues.fr\/nrb\/author\/cyber\/"},"uagb_comment_info":0,"uagb_excerpt":"SAMEDI 24 JUIN 2023 14h -&gt; Sous le tilleul D\u00e9bat et lecture Approche crois\u00e9e par Catherine Mayaux; lecture po\u00e9tique par Louise Chevillotte et Julien Tiphaine,","_links":{"self":[{"href":"https:\/\/rencontres-brangues.fr\/nrb\/wp-json\/wp\/v2\/posts\/2812","targetHints":{"allow":["GET"]}}],"collection":[{"href":"https:\/\/rencontres-brangues.fr\/nrb\/wp-json\/wp\/v2\/posts"}],"about":[{"href":"https:\/\/rencontres-brangues.fr\/nrb\/wp-json\/wp\/v2\/types\/post"}],"author":[{"embeddable":true,"href":"https:\/\/rencontres-brangues.fr\/nrb\/wp-json\/wp\/v2\/users\/1"}],"replies":[{"embeddable":true,"href":"https:\/\/rencontres-brangues.fr\/nrb\/wp-json\/wp\/v2\/comments?post=2812"}],"version-history":[{"count":3,"href":"https:\/\/rencontres-brangues.fr\/nrb\/wp-json\/wp\/v2\/posts\/2812\/revisions"}],"predecessor-version":[{"id":2841,"href":"https:\/\/rencontres-brangues.fr\/nrb\/wp-json\/wp\/v2\/posts\/2812\/revisions\/2841"}],"wp:attachment":[{"href":"https:\/\/rencontres-brangues.fr\/nrb\/wp-json\/wp\/v2\/media?parent=2812"}],"wp:term":[{"taxonomy":"category","embeddable":true,"href":"https:\/\/rencontres-brangues.fr\/nrb\/wp-json\/wp\/v2\/categories?post=2812"},{"taxonomy":"post_tag","embeddable":true,"href":"https:\/\/rencontres-brangues.fr\/nrb\/wp-json\/wp\/v2\/tags?post=2812"}],"curies":[{"name":"wp","href":"https:\/\/api.w.org\/{rel}","templated":true}]}}