{"id":2771,"date":"2023-06-01T23:01:50","date_gmt":"2023-06-01T21:01:50","guid":{"rendered":"https:\/\/rencontres-brangues.fr\/nrb\/?p=2771"},"modified":"2024-02-16T06:38:23","modified_gmt":"2024-02-16T05:38:23","slug":"oui","status":"publish","type":"post","link":"https:\/\/rencontres-brangues.fr\/nrb\/oui\/","title":{"rendered":"OUI"},"content":{"rendered":"\n<p><strong>de Jos\u00e9phine Chaffin<\/strong>, Cie Superlune<\/p>\n\n\n\n<p class=\"has-small-font-size\">Spectacle tout public \u00e0 partir de 10 ans.<br>Avec : Cl\u00e9ment Carab\u00e9dian<\/p>\n\n\n\n<p class=\"has-small-font-size\">Un maire c\u00e9l\u00e8bre le mariage de deux femmes octog\u00e9naires. \u00c0 travers son discours, c\u2019est la chronique d&rsquo;une soci\u00e9t\u00e9 fran\u00e7aise en mutation, des ann\u00e9es 1950 \u00e0 aujourd\u2019hui. Discr\u00e8tement subversive, la petite histoire s\u2019inscrit dans la grande. <br>Une premi\u00e8re occasion de d\u00e9couvrir Jos\u00e9phine Chaffin, autrice programm\u00e9e aux Rencontres 2023 avec Midi nous le dira.<\/p>\n\n\n\n<figure class=\"wp-block-image aligncenter size-full is-resized wp-duotone-000000-ffffff-1\"><img loading=\"lazy\" decoding=\"async\" src=\"https:\/\/rencontres-brangues.fr\/nrb\/wp-content\/uploads\/OUI-5-credit-photo-Julie-Cherki.jpg\" alt=\"\" class=\"wp-image-2917\" width=\"345\" height=\"518\" srcset=\"https:\/\/rencontres-brangues.fr\/nrb\/wp-content\/uploads\/OUI-5-credit-photo-Julie-Cherki.jpg 460w, https:\/\/rencontres-brangues.fr\/nrb\/wp-content\/uploads\/OUI-5-credit-photo-Julie-Cherki-200x300.jpg 200w\" sizes=\"auto, (max-width: 345px) 100vw, 345px\" \/><\/figure>\n\n\n\n<p class=\"has-vivid-red-color has-text-color\"><strong>Lundi 19 juin<\/strong> <\/p>\n\n\n\n<p><code>18h30 \u2192 Taverne Rustique, Saint Chef<\/code><\/p>\n\n\n\n<p class=\"has-vivid-red-color has-text-color\"><strong>Mardi 20 juin<\/strong> <\/p>\n\n\n\n<p><code>18h30 <code>\u2192 <\/code>Le Clo\u00eetre, Cr\u00e9mieu<\/code><\/p>\n\n\n\n<p><code><strong>Entr\u00e9e libre <\/strong>(dans la limite des places disponibles).<\/code><\/p>\n","protected":false},"excerpt":{"rendered":"<p>de Jos\u00e9phine Chaffin, Cie Superlune<\/p>\n<p class=\"has-small-font-size\">Spectacle tout public \u00e0 partir de 10 ans.<br \/>Avec : Cl\u00e9ment Carab\u00e9dian<\/p>\n<p class=\"has-small-font-size\">Un maire c\u00e9l\u00e8bre le mariage de deux femmes octog\u00e9naires.<\/p>\n","protected":false},"author":1,"featured_media":0,"comment_status":"closed","ping_status":"","sticky":false,"template":"","format":"standard","meta":{"_uag_custom_page_level_css":"","site-sidebar-layout":"default","site-content-layout":"","ast-site-content-layout":"default","site-content-style":"default","site-sidebar-style":"default","ast-global-header-display":"","ast-banner-title-visibility":"","ast-main-header-display":"","ast-hfb-above-header-display":"","ast-hfb-below-header-display":"","ast-hfb-mobile-header-display":"","site-post-title":"","ast-breadcrumbs-content":"","ast-featured-img":"","footer-sml-layout":"","ast-disable-related-posts":"","theme-transparent-header-meta":"","adv-header-id-meta":"","stick-header-meta":"","header-above-stick-meta":"","header-main-stick-meta":"","header-below-stick-meta":"","astra-migrate-meta-layouts":"default","ast-page-background-enabled":"default","ast-page-background-meta":{"desktop":{"background-color":"var(--ast-global-color-4)","background-image":"","background-repeat":"repeat","background-position":"center center","background-size":"auto","background-attachment":"scroll","background-type":"","background-media":"","overlay-type":"","overlay-color":"","overlay-opacity":"","overlay-gradient":""},"tablet":{"background-color":"","background-image":"","background-repeat":"repeat","background-position":"center center","background-size":"auto","background-attachment":"scroll","background-type":"","background-media":"","overlay-type":"","overlay-color":"","overlay-opacity":"","overlay-gradient":""},"mobile":{"background-color":"","background-image":"","background-repeat":"repeat","background-position":"center center","background-size":"auto","background-attachment":"scroll","background-type":"","background-media":"","overlay-type":"","overlay-color":"","overlay-opacity":"","overlay-gradient":""}},"ast-content-background-meta":{"desktop":{"background-color":"var(--ast-global-color-5)","background-image":"","background-repeat":"repeat","background-position":"center center","background-size":"auto","background-attachment":"scroll","background-type":"","background-media":"","overlay-type":"","overlay-color":"","overlay-opacity":"","overlay-gradient":""},"tablet":{"background-color":"var(--ast-global-color-5)","background-image":"","background-repeat":"repeat","background-position":"center center","background-size":"auto","background-attachment":"scroll","background-type":"","background-media":"","overlay-type":"","overlay-color":"","overlay-opacity":"","overlay-gradient":""},"mobile":{"background-color":"var(--ast-global-color-5)","background-image":"","background-repeat":"repeat","background-position":"center center","background-size":"auto","background-attachment":"scroll","background-type":"","background-media":"","overlay-type":"","overlay-color":"","overlay-opacity":"","overlay-gradient":""}},"footnotes":""},"categories":[46,14],"tags":[],"class_list":["post-2771","post","type-post","status-publish","format-standard","hentry","category-rencontres-2023","category-programmation"],"yoast_head":"<!-- This site is optimized with the Yoast SEO plugin v27.5 - https:\/\/yoast.com\/product\/yoast-seo-wordpress\/ -->\n<title>OUI - Rencontres de Brangues<\/title>\n<meta name=\"description\" content=\"Th\u00e9\u00e2tre et po\u00e9sie : conf\u00e9rences, concerts, expositions, spectacles, rencontres, ateliers, formations... au ch\u00e2teau de Brangues en Is\u00e8re, Domaine Paul Claudel, en itin\u00e9rance et dans les \u00e9tablissements scolaires.\" \/>\n<meta name=\"robots\" content=\"index, follow, max-snippet:-1, max-image-preview:large, max-video-preview:-1\" \/>\n<link rel=\"canonical\" href=\"https:\/\/rencontres-brangues.fr\/nrb\/oui\/\" \/>\n<meta property=\"og:locale\" content=\"fr_FR\" \/>\n<meta property=\"og:type\" content=\"article\" \/>\n<meta property=\"og:title\" content=\"OUI - Rencontres de Brangues\" \/>\n<meta property=\"og:description\" content=\"Th\u00e9\u00e2tre et po\u00e9sie : conf\u00e9rences, concerts, expositions, spectacles, rencontres, ateliers, formations... au ch\u00e2teau de Brangues en Is\u00e8re, Domaine Paul Claudel, en itin\u00e9rance et dans les \u00e9tablissements scolaires.\" \/>\n<meta property=\"og:url\" content=\"https:\/\/rencontres-brangues.fr\/nrb\/oui\/\" \/>\n<meta property=\"og:site_name\" content=\"Rencontres de Brangues\" \/>\n<meta property=\"article:published_time\" content=\"2023-06-01T21:01:50+00:00\" \/>\n<meta property=\"article:modified_time\" content=\"2024-02-16T05:38:23+00:00\" \/>\n<meta property=\"og:image\" content=\"https:\/\/rencontres-brangues.fr\/nrb\/wp-content\/uploads\/OUI-5-credit-photo-Julie-Cherki.jpg\" \/>\n<meta name=\"author\" content=\"cyber\" \/>\n<meta name=\"twitter:card\" content=\"summary_large_image\" \/>\n<meta name=\"twitter:label1\" content=\"\u00c9crit par\" \/>\n\t<meta name=\"twitter:data1\" content=\"cyber\" \/>\n\t<meta name=\"twitter:label2\" content=\"Dur\u00e9e de lecture estim\u00e9e\" \/>\n\t<meta name=\"twitter:data2\" content=\"1 minute\" \/>\n<script type=\"application\/ld+json\" class=\"yoast-schema-graph\">{\"@context\":\"https:\\\/\\\/schema.org\",\"@graph\":[{\"@type\":\"Article\",\"@id\":\"https:\\\/\\\/rencontres-brangues.fr\\\/nrb\\\/oui\\\/#article\",\"isPartOf\":{\"@id\":\"https:\\\/\\\/rencontres-brangues.fr\\\/nrb\\\/oui\\\/\"},\"author\":{\"name\":\"cyber\",\"@id\":\"https:\\\/\\\/rencontres-brangues.fr\\\/nrb\\\/#\\\/schema\\\/person\\\/8efc73a47403742c42b376ce0789da85\"},\"headline\":\"OUI\",\"datePublished\":\"2023-06-01T21:01:50+00:00\",\"dateModified\":\"2024-02-16T05:38:23+00:00\",\"mainEntityOfPage\":{\"@id\":\"https:\\\/\\\/rencontres-brangues.fr\\\/nrb\\\/oui\\\/\"},\"wordCount\":90,\"publisher\":{\"@id\":\"https:\\\/\\\/rencontres-brangues.fr\\\/nrb\\\/#organization\"},\"image\":{\"@id\":\"https:\\\/\\\/rencontres-brangues.fr\\\/nrb\\\/oui\\\/#primaryimage\"},\"thumbnailUrl\":\"https:\\\/\\\/rencontres-brangues.fr\\\/nrb\\\/wp-content\\\/uploads\\\/OUI-5-credit-photo-Julie-Cherki.jpg\",\"articleSection\":[\"Rencontres 2023\",\"Programmation\"],\"inLanguage\":\"fr-FR\"},{\"@type\":\"WebPage\",\"@id\":\"https:\\\/\\\/rencontres-brangues.fr\\\/nrb\\\/oui\\\/\",\"url\":\"https:\\\/\\\/rencontres-brangues.fr\\\/nrb\\\/oui\\\/\",\"name\":\"OUI - Rencontres de Brangues\",\"isPartOf\":{\"@id\":\"https:\\\/\\\/rencontres-brangues.fr\\\/nrb\\\/#website\"},\"primaryImageOfPage\":{\"@id\":\"https:\\\/\\\/rencontres-brangues.fr\\\/nrb\\\/oui\\\/#primaryimage\"},\"image\":{\"@id\":\"https:\\\/\\\/rencontres-brangues.fr\\\/nrb\\\/oui\\\/#primaryimage\"},\"thumbnailUrl\":\"https:\\\/\\\/rencontres-brangues.fr\\\/nrb\\\/wp-content\\\/uploads\\\/OUI-5-credit-photo-Julie-Cherki.jpg\",\"datePublished\":\"2023-06-01T21:01:50+00:00\",\"dateModified\":\"2024-02-16T05:38:23+00:00\",\"description\":\"Th\u00e9\u00e2tre et po\u00e9sie : conf\u00e9rences, concerts, expositions, spectacles, rencontres, ateliers, formations... au ch\u00e2teau de Brangues en Is\u00e8re, Domaine Paul Claudel, en itin\u00e9rance et dans les \u00e9tablissements scolaires.\",\"breadcrumb\":{\"@id\":\"https:\\\/\\\/rencontres-brangues.fr\\\/nrb\\\/oui\\\/#breadcrumb\"},\"inLanguage\":\"fr-FR\",\"potentialAction\":[{\"@type\":\"ReadAction\",\"target\":[\"https:\\\/\\\/rencontres-brangues.fr\\\/nrb\\\/oui\\\/\"]}]},{\"@type\":\"ImageObject\",\"inLanguage\":\"fr-FR\",\"@id\":\"https:\\\/\\\/rencontres-brangues.fr\\\/nrb\\\/oui\\\/#primaryimage\",\"url\":\"https:\\\/\\\/rencontres-brangues.fr\\\/nrb\\\/wp-content\\\/uploads\\\/OUI-5-credit-photo-Julie-Cherki.jpg\",\"contentUrl\":\"https:\\\/\\\/rencontres-brangues.fr\\\/nrb\\\/wp-content\\\/uploads\\\/OUI-5-credit-photo-Julie-Cherki.jpg\",\"width\":460,\"height\":690},{\"@type\":\"BreadcrumbList\",\"@id\":\"https:\\\/\\\/rencontres-brangues.fr\\\/nrb\\\/oui\\\/#breadcrumb\",\"itemListElement\":[{\"@type\":\"ListItem\",\"position\":1,\"name\":\"Accueil\",\"item\":\"https:\\\/\\\/rencontres-brangues.fr\\\/nrb\\\/\"},{\"@type\":\"ListItem\",\"position\":2,\"name\":\"OUI\"}]},{\"@type\":\"WebSite\",\"@id\":\"https:\\\/\\\/rencontres-brangues.fr\\\/nrb\\\/#website\",\"url\":\"https:\\\/\\\/rencontres-brangues.fr\\\/nrb\\\/\",\"name\":\"Rencontres de Brangues\",\"description\":\"th\u00e9\u00e2tre, musique, po\u00e9sie\",\"publisher\":{\"@id\":\"https:\\\/\\\/rencontres-brangues.fr\\\/nrb\\\/#organization\"},\"potentialAction\":[{\"@type\":\"SearchAction\",\"target\":{\"@type\":\"EntryPoint\",\"urlTemplate\":\"https:\\\/\\\/rencontres-brangues.fr\\\/nrb\\\/?s={search_term_string}\"},\"query-input\":{\"@type\":\"PropertyValueSpecification\",\"valueRequired\":true,\"valueName\":\"search_term_string\"}}],\"inLanguage\":\"fr-FR\"},{\"@type\":\"Organization\",\"@id\":\"https:\\\/\\\/rencontres-brangues.fr\\\/nrb\\\/#organization\",\"name\":\"Nouvelles Rencontres de Brangues\",\"url\":\"https:\\\/\\\/rencontres-brangues.fr\\\/nrb\\\/\",\"logo\":{\"@type\":\"ImageObject\",\"inLanguage\":\"fr-FR\",\"@id\":\"https:\\\/\\\/rencontres-brangues.fr\\\/nrb\\\/#\\\/schema\\\/logo\\\/image\\\/\",\"url\":\"https:\\\/\\\/www.rencontres-brangues.fr\\\/nrb\\\/wp-content\\\/uploads\\\/petit-logo-nrb.png\",\"contentUrl\":\"https:\\\/\\\/www.rencontres-brangues.fr\\\/nrb\\\/wp-content\\\/uploads\\\/petit-logo-nrb.png\",\"width\":306,\"height\":306,\"caption\":\"Nouvelles Rencontres de Brangues\"},\"image\":{\"@id\":\"https:\\\/\\\/rencontres-brangues.fr\\\/nrb\\\/#\\\/schema\\\/logo\\\/image\\\/\"}},{\"@type\":\"Person\",\"@id\":\"https:\\\/\\\/rencontres-brangues.fr\\\/nrb\\\/#\\\/schema\\\/person\\\/8efc73a47403742c42b376ce0789da85\",\"name\":\"cyber\",\"sameAs\":[\"https:\\\/\\\/www.rencontres-brangues.fr\\\/nrb\"]}]}<\/script>\n<!-- \/ Yoast SEO plugin. -->","yoast_head_json":{"title":"OUI - Rencontres de Brangues","description":"Th\u00e9\u00e2tre et po\u00e9sie : conf\u00e9rences, concerts, expositions, spectacles, rencontres, ateliers, formations... au ch\u00e2teau de Brangues en Is\u00e8re, Domaine Paul Claudel, en itin\u00e9rance et dans les \u00e9tablissements scolaires.","robots":{"index":"index","follow":"follow","max-snippet":"max-snippet:-1","max-image-preview":"max-image-preview:large","max-video-preview":"max-video-preview:-1"},"canonical":"https:\/\/rencontres-brangues.fr\/nrb\/oui\/","og_locale":"fr_FR","og_type":"article","og_title":"OUI - Rencontres de Brangues","og_description":"Th\u00e9\u00e2tre et po\u00e9sie : conf\u00e9rences, concerts, expositions, spectacles, rencontres, ateliers, formations... au ch\u00e2teau de Brangues en Is\u00e8re, Domaine Paul Claudel, en itin\u00e9rance et dans les \u00e9tablissements scolaires.","og_url":"https:\/\/rencontres-brangues.fr\/nrb\/oui\/","og_site_name":"Rencontres de Brangues","article_published_time":"2023-06-01T21:01:50+00:00","article_modified_time":"2024-02-16T05:38:23+00:00","og_image":[{"url":"https:\/\/rencontres-brangues.fr\/nrb\/wp-content\/uploads\/OUI-5-credit-photo-Julie-Cherki.jpg","type":"","width":"","height":""}],"author":"cyber","twitter_card":"summary_large_image","twitter_misc":{"\u00c9crit par":"cyber","Dur\u00e9e de lecture estim\u00e9e":"1 minute"},"schema":{"@context":"https:\/\/schema.org","@graph":[{"@type":"Article","@id":"https:\/\/rencontres-brangues.fr\/nrb\/oui\/#article","isPartOf":{"@id":"https:\/\/rencontres-brangues.fr\/nrb\/oui\/"},"author":{"name":"cyber","@id":"https:\/\/rencontres-brangues.fr\/nrb\/#\/schema\/person\/8efc73a47403742c42b376ce0789da85"},"headline":"OUI","datePublished":"2023-06-01T21:01:50+00:00","dateModified":"2024-02-16T05:38:23+00:00","mainEntityOfPage":{"@id":"https:\/\/rencontres-brangues.fr\/nrb\/oui\/"},"wordCount":90,"publisher":{"@id":"https:\/\/rencontres-brangues.fr\/nrb\/#organization"},"image":{"@id":"https:\/\/rencontres-brangues.fr\/nrb\/oui\/#primaryimage"},"thumbnailUrl":"https:\/\/rencontres-brangues.fr\/nrb\/wp-content\/uploads\/OUI-5-credit-photo-Julie-Cherki.jpg","articleSection":["Rencontres 2023","Programmation"],"inLanguage":"fr-FR"},{"@type":"WebPage","@id":"https:\/\/rencontres-brangues.fr\/nrb\/oui\/","url":"https:\/\/rencontres-brangues.fr\/nrb\/oui\/","name":"OUI - Rencontres de Brangues","isPartOf":{"@id":"https:\/\/rencontres-brangues.fr\/nrb\/#website"},"primaryImageOfPage":{"@id":"https:\/\/rencontres-brangues.fr\/nrb\/oui\/#primaryimage"},"image":{"@id":"https:\/\/rencontres-brangues.fr\/nrb\/oui\/#primaryimage"},"thumbnailUrl":"https:\/\/rencontres-brangues.fr\/nrb\/wp-content\/uploads\/OUI-5-credit-photo-Julie-Cherki.jpg","datePublished":"2023-06-01T21:01:50+00:00","dateModified":"2024-02-16T05:38:23+00:00","description":"Th\u00e9\u00e2tre et po\u00e9sie : conf\u00e9rences, concerts, expositions, spectacles, rencontres, ateliers, formations... au ch\u00e2teau de Brangues en Is\u00e8re, Domaine Paul Claudel, en itin\u00e9rance et dans les \u00e9tablissements scolaires.","breadcrumb":{"@id":"https:\/\/rencontres-brangues.fr\/nrb\/oui\/#breadcrumb"},"inLanguage":"fr-FR","potentialAction":[{"@type":"ReadAction","target":["https:\/\/rencontres-brangues.fr\/nrb\/oui\/"]}]},{"@type":"ImageObject","inLanguage":"fr-FR","@id":"https:\/\/rencontres-brangues.fr\/nrb\/oui\/#primaryimage","url":"https:\/\/rencontres-brangues.fr\/nrb\/wp-content\/uploads\/OUI-5-credit-photo-Julie-Cherki.jpg","contentUrl":"https:\/\/rencontres-brangues.fr\/nrb\/wp-content\/uploads\/OUI-5-credit-photo-Julie-Cherki.jpg","width":460,"height":690},{"@type":"BreadcrumbList","@id":"https:\/\/rencontres-brangues.fr\/nrb\/oui\/#breadcrumb","itemListElement":[{"@type":"ListItem","position":1,"name":"Accueil","item":"https:\/\/rencontres-brangues.fr\/nrb\/"},{"@type":"ListItem","position":2,"name":"OUI"}]},{"@type":"WebSite","@id":"https:\/\/rencontres-brangues.fr\/nrb\/#website","url":"https:\/\/rencontres-brangues.fr\/nrb\/","name":"Rencontres de Brangues","description":"th\u00e9\u00e2tre, musique, po\u00e9sie","publisher":{"@id":"https:\/\/rencontres-brangues.fr\/nrb\/#organization"},"potentialAction":[{"@type":"SearchAction","target":{"@type":"EntryPoint","urlTemplate":"https:\/\/rencontres-brangues.fr\/nrb\/?s={search_term_string}"},"query-input":{"@type":"PropertyValueSpecification","valueRequired":true,"valueName":"search_term_string"}}],"inLanguage":"fr-FR"},{"@type":"Organization","@id":"https:\/\/rencontres-brangues.fr\/nrb\/#organization","name":"Nouvelles Rencontres de Brangues","url":"https:\/\/rencontres-brangues.fr\/nrb\/","logo":{"@type":"ImageObject","inLanguage":"fr-FR","@id":"https:\/\/rencontres-brangues.fr\/nrb\/#\/schema\/logo\/image\/","url":"https:\/\/www.rencontres-brangues.fr\/nrb\/wp-content\/uploads\/petit-logo-nrb.png","contentUrl":"https:\/\/www.rencontres-brangues.fr\/nrb\/wp-content\/uploads\/petit-logo-nrb.png","width":306,"height":306,"caption":"Nouvelles Rencontres de Brangues"},"image":{"@id":"https:\/\/rencontres-brangues.fr\/nrb\/#\/schema\/logo\/image\/"}},{"@type":"Person","@id":"https:\/\/rencontres-brangues.fr\/nrb\/#\/schema\/person\/8efc73a47403742c42b376ce0789da85","name":"cyber","sameAs":["https:\/\/www.rencontres-brangues.fr\/nrb"]}]}},"uagb_featured_image_src":{"full":false,"thumbnail":false,"medium":false,"medium_large":false,"large":false,"1536x1536":false,"2048x2048":false,"woocommerce_thumbnail":false,"woocommerce_single":false,"woocommerce_gallery_thumbnail":false},"uagb_author_info":{"display_name":"cyber","author_link":"https:\/\/rencontres-brangues.fr\/nrb\/author\/cyber\/"},"uagb_comment_info":0,"uagb_excerpt":"de Jos\u00e9phine Chaffin, Cie Superlune Spectacle tout public \u00e0 partir de 10 ans.Avec : Cl\u00e9ment Carab\u00e9dian Un maire c\u00e9l\u00e8bre le mariage de deux femmes octog\u00e9naires.","_links":{"self":[{"href":"https:\/\/rencontres-brangues.fr\/nrb\/wp-json\/wp\/v2\/posts\/2771","targetHints":{"allow":["GET"]}}],"collection":[{"href":"https:\/\/rencontres-brangues.fr\/nrb\/wp-json\/wp\/v2\/posts"}],"about":[{"href":"https:\/\/rencontres-brangues.fr\/nrb\/wp-json\/wp\/v2\/types\/post"}],"author":[{"embeddable":true,"href":"https:\/\/rencontres-brangues.fr\/nrb\/wp-json\/wp\/v2\/users\/1"}],"replies":[{"embeddable":true,"href":"https:\/\/rencontres-brangues.fr\/nrb\/wp-json\/wp\/v2\/comments?post=2771"}],"version-history":[{"count":8,"href":"https:\/\/rencontres-brangues.fr\/nrb\/wp-json\/wp\/v2\/posts\/2771\/revisions"}],"predecessor-version":[{"id":2919,"href":"https:\/\/rencontres-brangues.fr\/nrb\/wp-json\/wp\/v2\/posts\/2771\/revisions\/2919"}],"wp:attachment":[{"href":"https:\/\/rencontres-brangues.fr\/nrb\/wp-json\/wp\/v2\/media?parent=2771"}],"wp:term":[{"taxonomy":"category","embeddable":true,"href":"https:\/\/rencontres-brangues.fr\/nrb\/wp-json\/wp\/v2\/categories?post=2771"},{"taxonomy":"post_tag","embeddable":true,"href":"https:\/\/rencontres-brangues.fr\/nrb\/wp-json\/wp\/v2\/tags?post=2771"}],"curies":[{"name":"wp","href":"https:\/\/api.w.org\/{rel}","templated":true}]}}