{"id":2621,"date":"2023-05-30T00:54:20","date_gmt":"2023-05-29T22:54:20","guid":{"rendered":"https:\/\/rencontres-brangues.fr\/nrb\/?p=2621"},"modified":"2024-02-16T06:38:21","modified_gmt":"2024-02-16T05:38:21","slug":"enregistrements-dans-la-bibliotheque-pierre-claudel","status":"publish","type":"post","link":"https:\/\/rencontres-brangues.fr\/nrb\/enregistrements-dans-la-bibliotheque-pierre-claudel\/","title":{"rendered":"Enregistrements dans la biblioth\u00e8que Pierre Claudel"},"content":{"rendered":"\n<figure class=\"wp-block-image alignright size-full is-resized\"><img loading=\"lazy\" decoding=\"async\" src=\"https:\/\/rencontres-brangues.fr\/nrb\/wp-content\/uploads\/FC_CMJN.png\" alt=\"logo France Culture\" class=\"wp-image-1482\" width=\"100\" height=\"100\" srcset=\"https:\/\/rencontres-brangues.fr\/nrb\/wp-content\/uploads\/FC_CMJN.png 200w, https:\/\/rencontres-brangues.fr\/nrb\/wp-content\/uploads\/FC_CMJN-150x150.png 150w, https:\/\/rencontres-brangues.fr\/nrb\/wp-content\/uploads\/FC_CMJN-100x100.png 100w\" sizes=\"auto, (max-width: 100px) 100vw, 100px\" \/><\/figure>\n\n\n\n<p class=\"has-vivid-red-color has-text-color\"><strong>En partenariat avec France Culture<br>Blandine Masson, directrice de la fiction<\/strong><\/p>\n\n\n\n<p>Au c\u00f4t\u00e9 des rencontres de Brangues depuis de nombreuses ann\u00e9es, France Culture s&rsquo;associe pour la premi\u00e8re fois \u00e0 sa programmation en proposant ces enregistrements.<\/p>\n\n\n\n<p class=\"has-text-align-center has-small-font-size\"><strong>Enregistrement publics<\/strong><br>(dans la limite des places disponibles)<\/p>\n\n\n\n<p class=\"has-text-align-center has-vivid-red-color has-text-color has-small-font-size\"><strong>Vendredi 23 juin<\/strong><\/p>\n\n\n\n<p class=\"has-small-font-size\">1<strong>7h45 \u2192 Camille Claudel, corpus<\/strong><br>                (distribution en cours)<\/p>\n\n\n\n<p class=\"has-text-align-center has-vivid-red-color has-text-color has-small-font-size\"><strong>Samedi 24 juin<\/strong><\/p>\n\n\n\n<p class=\"has-small-font-size\"><strong>11h \u2192 <a href=\"https:\/\/rencontres-brangues.fr\/nrb\/stabat-mater-furiosa-2\/\" data-type=\"post\" data-id=\"2795\">Stabat mater furiosa<\/a><\/strong><br>de Jean Pierre Sim\u00e9on. Avec : Gis\u00e8le Torterolo<br><br><strong>14h30 \u2192 <a href=\"https:\/\/rencontres-brangues.fr\/nrb\/comment-jai-dirige-une-actrice-notoire-en-la-suivant\/\" data-type=\"post\" data-id=\"2611\">Comment j\u2019ai dirig\u00e9 une actrice notoire en la suivant<\/a><\/strong><br>Avec : Francine Berg\u00e9, Christian Schiaretti<\/p>\n","protected":false},"excerpt":{"rendered":"<p class=\"has-vivid-red-color has-text-color\">En partenariat avec France Culture<br \/>Blandine Masson, directrice de la fiction<\/p>\n<p>Au c\u00f4t\u00e9 des rencontres de Brangues depuis de nombreuses ann\u00e9es, France Culture s&rsquo;associe pour la premi\u00e8re fois \u00e0 sa programmation en proposant ces enregistrements.<\/p>\n","protected":false},"author":11,"featured_media":0,"comment_status":"closed","ping_status":"","sticky":false,"template":"","format":"standard","meta":{"_uag_custom_page_level_css":"","site-sidebar-layout":"default","site-content-layout":"","ast-site-content-layout":"default","site-content-style":"default","site-sidebar-style":"default","ast-global-header-display":"","ast-banner-title-visibility":"","ast-main-header-display":"","ast-hfb-above-header-display":"","ast-hfb-below-header-display":"","ast-hfb-mobile-header-display":"","site-post-title":"","ast-breadcrumbs-content":"","ast-featured-img":"","footer-sml-layout":"","ast-disable-related-posts":"","theme-transparent-header-meta":"","adv-header-id-meta":"","stick-header-meta":"","header-above-stick-meta":"","header-main-stick-meta":"","header-below-stick-meta":"","astra-migrate-meta-layouts":"default","ast-page-background-enabled":"default","ast-page-background-meta":{"desktop":{"background-color":"var(--ast-global-color-4)","background-image":"","background-repeat":"repeat","background-position":"center center","background-size":"auto","background-attachment":"scroll","background-type":"","background-media":"","overlay-type":"","overlay-color":"","overlay-opacity":"","overlay-gradient":""},"tablet":{"background-color":"","background-image":"","background-repeat":"repeat","background-position":"center center","background-size":"auto","background-attachment":"scroll","background-type":"","background-media":"","overlay-type":"","overlay-color":"","overlay-opacity":"","overlay-gradient":""},"mobile":{"background-color":"","background-image":"","background-repeat":"repeat","background-position":"center center","background-size":"auto","background-attachment":"scroll","background-type":"","background-media":"","overlay-type":"","overlay-color":"","overlay-opacity":"","overlay-gradient":""}},"ast-content-background-meta":{"desktop":{"background-color":"var(--ast-global-color-5)","background-image":"","background-repeat":"repeat","background-position":"center center","background-size":"auto","background-attachment":"scroll","background-type":"","background-media":"","overlay-type":"","overlay-color":"","overlay-opacity":"","overlay-gradient":""},"tablet":{"background-color":"var(--ast-global-color-5)","background-image":"","background-repeat":"repeat","background-position":"center center","background-size":"auto","background-attachment":"scroll","background-type":"","background-media":"","overlay-type":"","overlay-color":"","overlay-opacity":"","overlay-gradient":""},"mobile":{"background-color":"var(--ast-global-color-5)","background-image":"","background-repeat":"repeat","background-position":"center center","background-size":"auto","background-attachment":"scroll","background-type":"","background-media":"","overlay-type":"","overlay-color":"","overlay-opacity":"","overlay-gradient":""}},"footnotes":""},"categories":[46,47,48,14],"tags":[],"class_list":["post-2621","post","type-post","status-publish","format-standard","hentry","category-rencontres-2023","category-france-culture","category-enregistrements","category-programmation"],"yoast_head":"<!-- This site is optimized with the Yoast SEO plugin v27.5 - https:\/\/yoast.com\/product\/yoast-seo-wordpress\/ -->\n<title>Enregistrements dans la biblioth\u00e8que Pierre Claudel - Rencontres de Brangues<\/title>\n<meta name=\"description\" content=\"Th\u00e9\u00e2tre et po\u00e9sie : conf\u00e9rences, concerts, expositions, spectacles, rencontres, ateliers, formations... au ch\u00e2teau de Brangues en Is\u00e8re, Domaine Paul Claudel, en itin\u00e9rance et dans les \u00e9tablissements scolaires.\" \/>\n<meta name=\"robots\" content=\"index, follow, max-snippet:-1, max-image-preview:large, max-video-preview:-1\" \/>\n<link rel=\"canonical\" href=\"https:\/\/rencontres-brangues.fr\/nrb\/enregistrements-dans-la-bibliotheque-pierre-claudel\/\" \/>\n<meta property=\"og:locale\" content=\"fr_FR\" \/>\n<meta property=\"og:type\" content=\"article\" \/>\n<meta property=\"og:title\" content=\"Enregistrements dans la biblioth\u00e8que Pierre Claudel - Rencontres de Brangues\" \/>\n<meta property=\"og:description\" content=\"Th\u00e9\u00e2tre et po\u00e9sie : conf\u00e9rences, concerts, expositions, spectacles, rencontres, ateliers, formations... au ch\u00e2teau de Brangues en Is\u00e8re, Domaine Paul Claudel, en itin\u00e9rance et dans les \u00e9tablissements scolaires.\" \/>\n<meta property=\"og:url\" content=\"https:\/\/rencontres-brangues.fr\/nrb\/enregistrements-dans-la-bibliotheque-pierre-claudel\/\" \/>\n<meta property=\"og:site_name\" content=\"Rencontres de Brangues\" \/>\n<meta property=\"article:published_time\" content=\"2023-05-29T22:54:20+00:00\" \/>\n<meta property=\"article:modified_time\" content=\"2024-02-16T05:38:21+00:00\" \/>\n<meta property=\"og:image\" content=\"https:\/\/rencontres-brangues.fr\/nrb\/wp-content\/uploads\/FC_CMJN.png\" \/>\n<meta name=\"author\" content=\"J\u00e9r\u00f4me de Lignerolles\" \/>\n<meta name=\"twitter:card\" content=\"summary_large_image\" \/>\n<meta name=\"twitter:label1\" content=\"\u00c9crit par\" \/>\n\t<meta name=\"twitter:data1\" content=\"J\u00e9r\u00f4me de Lignerolles\" \/>\n<script type=\"application\/ld+json\" class=\"yoast-schema-graph\">{\"@context\":\"https:\\\/\\\/schema.org\",\"@graph\":[{\"@type\":\"Article\",\"@id\":\"https:\\\/\\\/rencontres-brangues.fr\\\/nrb\\\/enregistrements-dans-la-bibliotheque-pierre-claudel\\\/#article\",\"isPartOf\":{\"@id\":\"https:\\\/\\\/rencontres-brangues.fr\\\/nrb\\\/enregistrements-dans-la-bibliotheque-pierre-claudel\\\/\"},\"author\":{\"name\":\"J\u00e9r\u00f4me de Lignerolles\",\"@id\":\"https:\\\/\\\/rencontres-brangues.fr\\\/nrb\\\/#\\\/schema\\\/person\\\/8970d554b4d5514d311156e9d62d87fd\"},\"headline\":\"Enregistrements dans la biblioth\u00e8que Pierre Claudel\",\"datePublished\":\"2023-05-29T22:54:20+00:00\",\"dateModified\":\"2024-02-16T05:38:21+00:00\",\"mainEntityOfPage\":{\"@id\":\"https:\\\/\\\/rencontres-brangues.fr\\\/nrb\\\/enregistrements-dans-la-bibliotheque-pierre-claudel\\\/\"},\"wordCount\":92,\"publisher\":{\"@id\":\"https:\\\/\\\/rencontres-brangues.fr\\\/nrb\\\/#organization\"},\"image\":{\"@id\":\"https:\\\/\\\/rencontres-brangues.fr\\\/nrb\\\/enregistrements-dans-la-bibliotheque-pierre-claudel\\\/#primaryimage\"},\"thumbnailUrl\":\"https:\\\/\\\/rencontres-brangues.fr\\\/nrb\\\/wp-content\\\/uploads\\\/FC_CMJN.png\",\"articleSection\":[\"Rencontres 2023\",\"France Culture\",\"Enregistrements\",\"Programmation\"],\"inLanguage\":\"fr-FR\"},{\"@type\":\"WebPage\",\"@id\":\"https:\\\/\\\/rencontres-brangues.fr\\\/nrb\\\/enregistrements-dans-la-bibliotheque-pierre-claudel\\\/\",\"url\":\"https:\\\/\\\/rencontres-brangues.fr\\\/nrb\\\/enregistrements-dans-la-bibliotheque-pierre-claudel\\\/\",\"name\":\"Enregistrements dans la biblioth\u00e8que Pierre Claudel - Rencontres de Brangues\",\"isPartOf\":{\"@id\":\"https:\\\/\\\/rencontres-brangues.fr\\\/nrb\\\/#website\"},\"primaryImageOfPage\":{\"@id\":\"https:\\\/\\\/rencontres-brangues.fr\\\/nrb\\\/enregistrements-dans-la-bibliotheque-pierre-claudel\\\/#primaryimage\"},\"image\":{\"@id\":\"https:\\\/\\\/rencontres-brangues.fr\\\/nrb\\\/enregistrements-dans-la-bibliotheque-pierre-claudel\\\/#primaryimage\"},\"thumbnailUrl\":\"https:\\\/\\\/rencontres-brangues.fr\\\/nrb\\\/wp-content\\\/uploads\\\/FC_CMJN.png\",\"datePublished\":\"2023-05-29T22:54:20+00:00\",\"dateModified\":\"2024-02-16T05:38:21+00:00\",\"description\":\"Th\u00e9\u00e2tre et po\u00e9sie : conf\u00e9rences, concerts, expositions, spectacles, rencontres, ateliers, formations... au ch\u00e2teau de Brangues en Is\u00e8re, Domaine Paul Claudel, en itin\u00e9rance et dans les \u00e9tablissements scolaires.\",\"breadcrumb\":{\"@id\":\"https:\\\/\\\/rencontres-brangues.fr\\\/nrb\\\/enregistrements-dans-la-bibliotheque-pierre-claudel\\\/#breadcrumb\"},\"inLanguage\":\"fr-FR\",\"potentialAction\":[{\"@type\":\"ReadAction\",\"target\":[\"https:\\\/\\\/rencontres-brangues.fr\\\/nrb\\\/enregistrements-dans-la-bibliotheque-pierre-claudel\\\/\"]}]},{\"@type\":\"ImageObject\",\"inLanguage\":\"fr-FR\",\"@id\":\"https:\\\/\\\/rencontres-brangues.fr\\\/nrb\\\/enregistrements-dans-la-bibliotheque-pierre-claudel\\\/#primaryimage\",\"url\":\"https:\\\/\\\/rencontres-brangues.fr\\\/nrb\\\/wp-content\\\/uploads\\\/FC_CMJN.png\",\"contentUrl\":\"https:\\\/\\\/rencontres-brangues.fr\\\/nrb\\\/wp-content\\\/uploads\\\/FC_CMJN.png\",\"width\":200,\"height\":200,\"caption\":\"logo France Culture\"},{\"@type\":\"BreadcrumbList\",\"@id\":\"https:\\\/\\\/rencontres-brangues.fr\\\/nrb\\\/enregistrements-dans-la-bibliotheque-pierre-claudel\\\/#breadcrumb\",\"itemListElement\":[{\"@type\":\"ListItem\",\"position\":1,\"name\":\"Accueil\",\"item\":\"https:\\\/\\\/rencontres-brangues.fr\\\/nrb\\\/\"},{\"@type\":\"ListItem\",\"position\":2,\"name\":\"Enregistrements dans la biblioth\u00e8que Pierre Claudel\"}]},{\"@type\":\"WebSite\",\"@id\":\"https:\\\/\\\/rencontres-brangues.fr\\\/nrb\\\/#website\",\"url\":\"https:\\\/\\\/rencontres-brangues.fr\\\/nrb\\\/\",\"name\":\"Rencontres de Brangues\",\"description\":\"th\u00e9\u00e2tre, musique, po\u00e9sie\",\"publisher\":{\"@id\":\"https:\\\/\\\/rencontres-brangues.fr\\\/nrb\\\/#organization\"},\"potentialAction\":[{\"@type\":\"SearchAction\",\"target\":{\"@type\":\"EntryPoint\",\"urlTemplate\":\"https:\\\/\\\/rencontres-brangues.fr\\\/nrb\\\/?s={search_term_string}\"},\"query-input\":{\"@type\":\"PropertyValueSpecification\",\"valueRequired\":true,\"valueName\":\"search_term_string\"}}],\"inLanguage\":\"fr-FR\"},{\"@type\":\"Organization\",\"@id\":\"https:\\\/\\\/rencontres-brangues.fr\\\/nrb\\\/#organization\",\"name\":\"Nouvelles Rencontres de Brangues\",\"url\":\"https:\\\/\\\/rencontres-brangues.fr\\\/nrb\\\/\",\"logo\":{\"@type\":\"ImageObject\",\"inLanguage\":\"fr-FR\",\"@id\":\"https:\\\/\\\/rencontres-brangues.fr\\\/nrb\\\/#\\\/schema\\\/logo\\\/image\\\/\",\"url\":\"https:\\\/\\\/www.rencontres-brangues.fr\\\/nrb\\\/wp-content\\\/uploads\\\/petit-logo-nrb.png\",\"contentUrl\":\"https:\\\/\\\/www.rencontres-brangues.fr\\\/nrb\\\/wp-content\\\/uploads\\\/petit-logo-nrb.png\",\"width\":306,\"height\":306,\"caption\":\"Nouvelles Rencontres de Brangues\"},\"image\":{\"@id\":\"https:\\\/\\\/rencontres-brangues.fr\\\/nrb\\\/#\\\/schema\\\/logo\\\/image\\\/\"}},{\"@type\":\"Person\",\"@id\":\"https:\\\/\\\/rencontres-brangues.fr\\\/nrb\\\/#\\\/schema\\\/person\\\/8970d554b4d5514d311156e9d62d87fd\",\"name\":\"J\u00e9r\u00f4me de Lignerolles\"}]}<\/script>\n<!-- \/ Yoast SEO plugin. -->","yoast_head_json":{"title":"Enregistrements dans la biblioth\u00e8que Pierre Claudel - Rencontres de Brangues","description":"Th\u00e9\u00e2tre et po\u00e9sie : conf\u00e9rences, concerts, expositions, spectacles, rencontres, ateliers, formations... au ch\u00e2teau de Brangues en Is\u00e8re, Domaine Paul Claudel, en itin\u00e9rance et dans les \u00e9tablissements scolaires.","robots":{"index":"index","follow":"follow","max-snippet":"max-snippet:-1","max-image-preview":"max-image-preview:large","max-video-preview":"max-video-preview:-1"},"canonical":"https:\/\/rencontres-brangues.fr\/nrb\/enregistrements-dans-la-bibliotheque-pierre-claudel\/","og_locale":"fr_FR","og_type":"article","og_title":"Enregistrements dans la biblioth\u00e8que Pierre Claudel - Rencontres de Brangues","og_description":"Th\u00e9\u00e2tre et po\u00e9sie : conf\u00e9rences, concerts, expositions, spectacles, rencontres, ateliers, formations... au ch\u00e2teau de Brangues en Is\u00e8re, Domaine Paul Claudel, en itin\u00e9rance et dans les \u00e9tablissements scolaires.","og_url":"https:\/\/rencontres-brangues.fr\/nrb\/enregistrements-dans-la-bibliotheque-pierre-claudel\/","og_site_name":"Rencontres de Brangues","article_published_time":"2023-05-29T22:54:20+00:00","article_modified_time":"2024-02-16T05:38:21+00:00","og_image":[{"url":"https:\/\/rencontres-brangues.fr\/nrb\/wp-content\/uploads\/FC_CMJN.png","type":"","width":"","height":""}],"author":"J\u00e9r\u00f4me de Lignerolles","twitter_card":"summary_large_image","twitter_misc":{"\u00c9crit par":"J\u00e9r\u00f4me de Lignerolles"},"schema":{"@context":"https:\/\/schema.org","@graph":[{"@type":"Article","@id":"https:\/\/rencontres-brangues.fr\/nrb\/enregistrements-dans-la-bibliotheque-pierre-claudel\/#article","isPartOf":{"@id":"https:\/\/rencontres-brangues.fr\/nrb\/enregistrements-dans-la-bibliotheque-pierre-claudel\/"},"author":{"name":"J\u00e9r\u00f4me de Lignerolles","@id":"https:\/\/rencontres-brangues.fr\/nrb\/#\/schema\/person\/8970d554b4d5514d311156e9d62d87fd"},"headline":"Enregistrements dans la biblioth\u00e8que Pierre Claudel","datePublished":"2023-05-29T22:54:20+00:00","dateModified":"2024-02-16T05:38:21+00:00","mainEntityOfPage":{"@id":"https:\/\/rencontres-brangues.fr\/nrb\/enregistrements-dans-la-bibliotheque-pierre-claudel\/"},"wordCount":92,"publisher":{"@id":"https:\/\/rencontres-brangues.fr\/nrb\/#organization"},"image":{"@id":"https:\/\/rencontres-brangues.fr\/nrb\/enregistrements-dans-la-bibliotheque-pierre-claudel\/#primaryimage"},"thumbnailUrl":"https:\/\/rencontres-brangues.fr\/nrb\/wp-content\/uploads\/FC_CMJN.png","articleSection":["Rencontres 2023","France Culture","Enregistrements","Programmation"],"inLanguage":"fr-FR"},{"@type":"WebPage","@id":"https:\/\/rencontres-brangues.fr\/nrb\/enregistrements-dans-la-bibliotheque-pierre-claudel\/","url":"https:\/\/rencontres-brangues.fr\/nrb\/enregistrements-dans-la-bibliotheque-pierre-claudel\/","name":"Enregistrements dans la biblioth\u00e8que Pierre Claudel - Rencontres de Brangues","isPartOf":{"@id":"https:\/\/rencontres-brangues.fr\/nrb\/#website"},"primaryImageOfPage":{"@id":"https:\/\/rencontres-brangues.fr\/nrb\/enregistrements-dans-la-bibliotheque-pierre-claudel\/#primaryimage"},"image":{"@id":"https:\/\/rencontres-brangues.fr\/nrb\/enregistrements-dans-la-bibliotheque-pierre-claudel\/#primaryimage"},"thumbnailUrl":"https:\/\/rencontres-brangues.fr\/nrb\/wp-content\/uploads\/FC_CMJN.png","datePublished":"2023-05-29T22:54:20+00:00","dateModified":"2024-02-16T05:38:21+00:00","description":"Th\u00e9\u00e2tre et po\u00e9sie : conf\u00e9rences, concerts, expositions, spectacles, rencontres, ateliers, formations... au ch\u00e2teau de Brangues en Is\u00e8re, Domaine Paul Claudel, en itin\u00e9rance et dans les \u00e9tablissements scolaires.","breadcrumb":{"@id":"https:\/\/rencontres-brangues.fr\/nrb\/enregistrements-dans-la-bibliotheque-pierre-claudel\/#breadcrumb"},"inLanguage":"fr-FR","potentialAction":[{"@type":"ReadAction","target":["https:\/\/rencontres-brangues.fr\/nrb\/enregistrements-dans-la-bibliotheque-pierre-claudel\/"]}]},{"@type":"ImageObject","inLanguage":"fr-FR","@id":"https:\/\/rencontres-brangues.fr\/nrb\/enregistrements-dans-la-bibliotheque-pierre-claudel\/#primaryimage","url":"https:\/\/rencontres-brangues.fr\/nrb\/wp-content\/uploads\/FC_CMJN.png","contentUrl":"https:\/\/rencontres-brangues.fr\/nrb\/wp-content\/uploads\/FC_CMJN.png","width":200,"height":200,"caption":"logo France Culture"},{"@type":"BreadcrumbList","@id":"https:\/\/rencontres-brangues.fr\/nrb\/enregistrements-dans-la-bibliotheque-pierre-claudel\/#breadcrumb","itemListElement":[{"@type":"ListItem","position":1,"name":"Accueil","item":"https:\/\/rencontres-brangues.fr\/nrb\/"},{"@type":"ListItem","position":2,"name":"Enregistrements dans la biblioth\u00e8que Pierre Claudel"}]},{"@type":"WebSite","@id":"https:\/\/rencontres-brangues.fr\/nrb\/#website","url":"https:\/\/rencontres-brangues.fr\/nrb\/","name":"Rencontres de Brangues","description":"th\u00e9\u00e2tre, musique, po\u00e9sie","publisher":{"@id":"https:\/\/rencontres-brangues.fr\/nrb\/#organization"},"potentialAction":[{"@type":"SearchAction","target":{"@type":"EntryPoint","urlTemplate":"https:\/\/rencontres-brangues.fr\/nrb\/?s={search_term_string}"},"query-input":{"@type":"PropertyValueSpecification","valueRequired":true,"valueName":"search_term_string"}}],"inLanguage":"fr-FR"},{"@type":"Organization","@id":"https:\/\/rencontres-brangues.fr\/nrb\/#organization","name":"Nouvelles Rencontres de Brangues","url":"https:\/\/rencontres-brangues.fr\/nrb\/","logo":{"@type":"ImageObject","inLanguage":"fr-FR","@id":"https:\/\/rencontres-brangues.fr\/nrb\/#\/schema\/logo\/image\/","url":"https:\/\/www.rencontres-brangues.fr\/nrb\/wp-content\/uploads\/petit-logo-nrb.png","contentUrl":"https:\/\/www.rencontres-brangues.fr\/nrb\/wp-content\/uploads\/petit-logo-nrb.png","width":306,"height":306,"caption":"Nouvelles Rencontres de Brangues"},"image":{"@id":"https:\/\/rencontres-brangues.fr\/nrb\/#\/schema\/logo\/image\/"}},{"@type":"Person","@id":"https:\/\/rencontres-brangues.fr\/nrb\/#\/schema\/person\/8970d554b4d5514d311156e9d62d87fd","name":"J\u00e9r\u00f4me de Lignerolles"}]}},"uagb_featured_image_src":{"full":false,"thumbnail":false,"medium":false,"medium_large":false,"large":false,"1536x1536":false,"2048x2048":false,"woocommerce_thumbnail":false,"woocommerce_single":false,"woocommerce_gallery_thumbnail":false},"uagb_author_info":{"display_name":"J\u00e9r\u00f4me de Lignerolles","author_link":"https:\/\/rencontres-brangues.fr\/nrb\/author\/jerome\/"},"uagb_comment_info":0,"uagb_excerpt":"En partenariat avec France CultureBlandine Masson, directrice de la fiction Au c\u00f4t\u00e9 des rencontres de Brangues depuis de nombreuses ann\u00e9es, France Culture s&rsquo;associe pour la premi\u00e8re fois \u00e0 sa programmation en proposant ces enregistrements.","_links":{"self":[{"href":"https:\/\/rencontres-brangues.fr\/nrb\/wp-json\/wp\/v2\/posts\/2621","targetHints":{"allow":["GET"]}}],"collection":[{"href":"https:\/\/rencontres-brangues.fr\/nrb\/wp-json\/wp\/v2\/posts"}],"about":[{"href":"https:\/\/rencontres-brangues.fr\/nrb\/wp-json\/wp\/v2\/types\/post"}],"author":[{"embeddable":true,"href":"https:\/\/rencontres-brangues.fr\/nrb\/wp-json\/wp\/v2\/users\/11"}],"replies":[{"embeddable":true,"href":"https:\/\/rencontres-brangues.fr\/nrb\/wp-json\/wp\/v2\/comments?post=2621"}],"version-history":[{"count":3,"href":"https:\/\/rencontres-brangues.fr\/nrb\/wp-json\/wp\/v2\/posts\/2621\/revisions"}],"predecessor-version":[{"id":2840,"href":"https:\/\/rencontres-brangues.fr\/nrb\/wp-json\/wp\/v2\/posts\/2621\/revisions\/2840"}],"wp:attachment":[{"href":"https:\/\/rencontres-brangues.fr\/nrb\/wp-json\/wp\/v2\/media?parent=2621"}],"wp:term":[{"taxonomy":"category","embeddable":true,"href":"https:\/\/rencontres-brangues.fr\/nrb\/wp-json\/wp\/v2\/categories?post=2621"},{"taxonomy":"post_tag","embeddable":true,"href":"https:\/\/rencontres-brangues.fr\/nrb\/wp-json\/wp\/v2\/tags?post=2621"}],"curies":[{"name":"wp","href":"https:\/\/api.w.org\/{rel}","templated":true}]}}