{"id":149,"date":"2016-01-15T18:16:41","date_gmt":"2016-01-15T17:16:41","guid":{"rendered":"https:\/\/www.rencontres-brangues.fr\/nrb\/book\/les-rencontres-theatrales\/"},"modified":"2023-04-13T16:17:47","modified_gmt":"2023-04-13T14:17:47","slug":"rencontres-2016","status":"publish","type":"post","link":"https:\/\/rencontres-brangues.fr\/nrb\/rencontres-2016\/","title":{"rendered":"Rencontres 2016"},"content":{"rendered":"\n<h2 class=\"wp-block-heading\"><strong> 28 JUIN AU 3 JUILLET&nbsp;2016&nbsp;<br> dans le cadre du <a href=\"http:\/\/www.solsticedebrangues.fr\/\">festival du Solstice de Brangues<\/a><\/strong><\/h2>\n\n\n\n<div style=\"height:11px\" aria-hidden=\"true\" class=\"wp-block-spacer\"><\/div>\n\n\n\n<figure class=\"wp-block-gallery has-nested-images columns-4 is-cropped wp-block-gallery-1 is-layout-flex wp-block-gallery-is-layout-flex\">\n<figure class=\"wp-block-image size-large\"><a href=\"https:\/\/rencontres-brangues.fr\/nrb\/wp-content\/uploads\/photos\/photos_retouche_ef_15n03031084_copie.jpg\"><img loading=\"lazy\" decoding=\"async\" width=\"1024\" height=\"683\" data-id=\"195\" src=\"https:\/\/rencontres-brangues.fr\/nrb\/wp-content\/uploads\/photos\/photos_retouche_ef_15n03031084_copie-1024x683.jpg\" alt=\"retouche_ef_15n03031084_copie\" class=\"wp-image-195\" srcset=\"https:\/\/rencontres-brangues.fr\/nrb\/wp-content\/uploads\/photos\/photos_retouche_ef_15n03031084_copie-1024x683.jpg 1024w, https:\/\/rencontres-brangues.fr\/nrb\/wp-content\/uploads\/photos\/photos_retouche_ef_15n03031084_copie-300x200.jpg 300w, https:\/\/rencontres-brangues.fr\/nrb\/wp-content\/uploads\/photos\/photos_retouche_ef_15n03031084_copie-768x512.jpg 768w, https:\/\/rencontres-brangues.fr\/nrb\/wp-content\/uploads\/photos\/photos_retouche_ef_15n03031084_copie-1536x1024.jpg 1536w, https:\/\/rencontres-brangues.fr\/nrb\/wp-content\/uploads\/photos\/photos_retouche_ef_15n03031084_copie-600x400.jpg 600w, https:\/\/rencontres-brangues.fr\/nrb\/wp-content\/uploads\/photos\/photos_retouche_ef_15n03031084_copie.jpg 1597w\" sizes=\"auto, (max-width: 1024px) 100vw, 1024px\" \/><\/a><\/figure>\n\n\n\n<figure class=\"wp-block-image size-large\"><a href=\"https:\/\/rencontres-brangues.fr\/nrb\/wp-content\/uploads\/photos\/photos_img_1967_opt.jpg\"><img loading=\"lazy\" decoding=\"async\" width=\"400\" height=\"266\" data-id=\"154\" src=\"https:\/\/rencontres-brangues.fr\/nrb\/wp-content\/uploads\/photos\/photos_img_1967_opt.jpg\" alt=\"img_1967_opt\" class=\"wp-image-154\" srcset=\"https:\/\/rencontres-brangues.fr\/nrb\/wp-content\/uploads\/photos\/photos_img_1967_opt.jpg 400w, https:\/\/rencontres-brangues.fr\/nrb\/wp-content\/uploads\/photos\/photos_img_1967_opt-300x200.jpg 300w\" sizes=\"auto, (max-width: 400px) 100vw, 400px\" \/><\/a><\/figure>\n\n\n\n<figure class=\"wp-block-image size-large\"><a href=\"https:\/\/rencontres-brangues.fr\/nrb\/wp-content\/uploads\/phototheque\/phototheque_chanson_roland_opt.jpg\"><img loading=\"lazy\" decoding=\"async\" width=\"400\" height=\"266\" data-id=\"342\" src=\"https:\/\/rencontres-brangues.fr\/nrb\/wp-content\/uploads\/phototheque\/phototheque_chanson_roland_opt.jpg\" alt=\"chanson_roland_opt\" class=\"wp-image-342\" srcset=\"https:\/\/rencontres-brangues.fr\/nrb\/wp-content\/uploads\/phototheque\/phototheque_chanson_roland_opt.jpg 400w, https:\/\/rencontres-brangues.fr\/nrb\/wp-content\/uploads\/phototheque\/phototheque_chanson_roland_opt-300x200.jpg 300w\" sizes=\"auto, (max-width: 400px) 100vw, 400px\" \/><\/a><\/figure>\n\n\n\n<figure class=\"wp-block-image size-large\"><a href=\"https:\/\/rencontres-brangues.fr\/nrb\/wp-content\/uploads\/photos\/photos_img_1618_opt.jpg\"><img loading=\"lazy\" decoding=\"async\" width=\"400\" height=\"300\" data-id=\"158\" src=\"https:\/\/rencontres-brangues.fr\/nrb\/wp-content\/uploads\/photos\/photos_img_1618_opt.jpg\" alt=\"img_1618_opt\" class=\"wp-image-158\" srcset=\"https:\/\/rencontres-brangues.fr\/nrb\/wp-content\/uploads\/photos\/photos_img_1618_opt.jpg 400w, https:\/\/rencontres-brangues.fr\/nrb\/wp-content\/uploads\/photos\/photos_img_1618_opt-300x225.jpg 300w\" sizes=\"auto, (max-width: 400px) 100vw, 400px\" \/><\/a><\/figure>\n\n\n\n<figure class=\"wp-block-image size-large\"><a href=\"https:\/\/rencontres-brangues.fr\/nrb\/wp-content\/uploads\/photos\/photos_4_img_8132_opt.jpg\"><img loading=\"lazy\" decoding=\"async\" width=\"900\" height=\"648\" data-id=\"152\" src=\"https:\/\/rencontres-brangues.fr\/nrb\/wp-content\/uploads\/photos\/photos_4_img_8132_opt.jpg\" alt=\"4_img_8132_opt\" class=\"wp-image-152\" srcset=\"https:\/\/rencontres-brangues.fr\/nrb\/wp-content\/uploads\/photos\/photos_4_img_8132_opt.jpg 900w, https:\/\/rencontres-brangues.fr\/nrb\/wp-content\/uploads\/photos\/photos_4_img_8132_opt-300x216.jpg 300w, https:\/\/rencontres-brangues.fr\/nrb\/wp-content\/uploads\/photos\/photos_4_img_8132_opt-768x553.jpg 768w, https:\/\/rencontres-brangues.fr\/nrb\/wp-content\/uploads\/photos\/photos_4_img_8132_opt-600x432.jpg 600w\" sizes=\"auto, (max-width: 900px) 100vw, 900px\" \/><\/a><\/figure>\n\n\n\n<figure class=\"wp-block-image size-large\"><a href=\"https:\/\/rencontres-brangues.fr\/nrb\/wp-content\/uploads\/photos\/photos_ruyblastnp4544.jpg\"><img loading=\"lazy\" decoding=\"async\" width=\"1024\" height=\"680\" data-id=\"47\" src=\"https:\/\/rencontres-brangues.fr\/nrb\/wp-content\/uploads\/photos\/photos_ruyblastnp4544-1024x680.jpg\" alt=\"Ruy Blas \u00a9 Christian Ganet\" class=\"wp-image-47\" srcset=\"https:\/\/rencontres-brangues.fr\/nrb\/wp-content\/uploads\/photos\/photos_ruyblastnp4544-1024x680.jpg 1024w, https:\/\/rencontres-brangues.fr\/nrb\/wp-content\/uploads\/photos\/photos_ruyblastnp4544-300x199.jpg 300w, https:\/\/rencontres-brangues.fr\/nrb\/wp-content\/uploads\/photos\/photos_ruyblastnp4544-768x510.jpg 768w, https:\/\/rencontres-brangues.fr\/nrb\/wp-content\/uploads\/photos\/photos_ruyblastnp4544-1536x1020.jpg 1536w, https:\/\/rencontres-brangues.fr\/nrb\/wp-content\/uploads\/photos\/photos_ruyblastnp4544-600x399.jpg 600w, https:\/\/rencontres-brangues.fr\/nrb\/wp-content\/uploads\/photos\/photos_ruyblastnp4544.jpg 1600w\" sizes=\"auto, (max-width: 1024px) 100vw, 1024px\" \/><\/a><\/figure>\n\n\n\n<figure class=\"wp-block-image size-large\"><a href=\"https:\/\/rencontres-brangues.fr\/nrb\/wp-content\/uploads\/photos\/photos_serge-m.jpg\"><img loading=\"lazy\" decoding=\"async\" width=\"350\" height=\"263\" data-id=\"128\" src=\"https:\/\/rencontres-brangues.fr\/nrb\/wp-content\/uploads\/photos\/photos_serge-m.jpg\" alt=\"Les acteurs pr\u00e9sents :  Serge Maggiani, Philippe Girard\" class=\"wp-image-128\" srcset=\"https:\/\/rencontres-brangues.fr\/nrb\/wp-content\/uploads\/photos\/photos_serge-m.jpg 350w, https:\/\/rencontres-brangues.fr\/nrb\/wp-content\/uploads\/photos\/photos_serge-m-300x225.jpg 300w\" sizes=\"auto, (max-width: 350px) 100vw, 350px\" \/><\/a><\/figure>\n\n\n\n<figure class=\"wp-block-image size-large\"><a href=\"https:\/\/rencontres-brangues.fr\/nrb\/wp-content\/uploads\/photos\/photos_3_img_8541_opt.jpg\"><img loading=\"lazy\" decoding=\"async\" width=\"400\" height=\"288\" data-id=\"151\" src=\"https:\/\/rencontres-brangues.fr\/nrb\/wp-content\/uploads\/photos\/photos_3_img_8541_opt.jpg\" alt=\"3_img_8541_opt\" class=\"wp-image-151\" srcset=\"https:\/\/rencontres-brangues.fr\/nrb\/wp-content\/uploads\/photos\/photos_3_img_8541_opt.jpg 400w, https:\/\/rencontres-brangues.fr\/nrb\/wp-content\/uploads\/photos\/photos_3_img_8541_opt-300x216.jpg 300w\" sizes=\"auto, (max-width: 400px) 100vw, 400px\" \/><\/a><\/figure>\n\n\n\n<figure class=\"wp-block-image size-large\"><a href=\"https:\/\/rencontres-brangues.fr\/nrb\/wp-content\/uploads\/bandeaux\/bandeaux_partage-de-midi-claudel-brangues.jpg\"><img loading=\"lazy\" decoding=\"async\" width=\"1024\" height=\"439\" data-id=\"220\" src=\"https:\/\/rencontres-brangues.fr\/nrb\/wp-content\/uploads\/bandeaux\/bandeaux_partage-de-midi-claudel-brangues-1024x439.jpg\" alt=\"Partage de Midi - Brangues 2016\" class=\"wp-image-220\" srcset=\"https:\/\/rencontres-brangues.fr\/nrb\/wp-content\/uploads\/bandeaux\/bandeaux_partage-de-midi-claudel-brangues-1024x439.jpg 1024w, https:\/\/rencontres-brangues.fr\/nrb\/wp-content\/uploads\/bandeaux\/bandeaux_partage-de-midi-claudel-brangues-300x129.jpg 300w, https:\/\/rencontres-brangues.fr\/nrb\/wp-content\/uploads\/bandeaux\/bandeaux_partage-de-midi-claudel-brangues-768x329.jpg 768w, https:\/\/rencontres-brangues.fr\/nrb\/wp-content\/uploads\/bandeaux\/bandeaux_partage-de-midi-claudel-brangues-600x257.jpg 600w, https:\/\/rencontres-brangues.fr\/nrb\/wp-content\/uploads\/bandeaux\/bandeaux_partage-de-midi-claudel-brangues.jpg 1190w\" sizes=\"auto, (max-width: 1024px) 100vw, 1024px\" \/><\/a><\/figure>\n\n\n\n<figure class=\"wp-block-image size-large\"><a href=\"https:\/\/rencontres-brangues.fr\/nrb\/wp-content\/uploads\/bandeaux\/bandeaux_songe-nuit-ete-brangues.jpg\"><img loading=\"lazy\" decoding=\"async\" width=\"1024\" height=\"439\" data-id=\"169\" src=\"https:\/\/rencontres-brangues.fr\/nrb\/wp-content\/uploads\/bandeaux\/bandeaux_songe-nuit-ete-brangues-1024x439.jpg\" alt=\"Le Songe d'une Nuit d'E\u0301te\u0301 - Brangues 2016\" class=\"wp-image-169\" srcset=\"https:\/\/rencontres-brangues.fr\/nrb\/wp-content\/uploads\/bandeaux\/bandeaux_songe-nuit-ete-brangues-1024x439.jpg 1024w, https:\/\/rencontres-brangues.fr\/nrb\/wp-content\/uploads\/bandeaux\/bandeaux_songe-nuit-ete-brangues-300x129.jpg 300w, https:\/\/rencontres-brangues.fr\/nrb\/wp-content\/uploads\/bandeaux\/bandeaux_songe-nuit-ete-brangues-768x329.jpg 768w, https:\/\/rencontres-brangues.fr\/nrb\/wp-content\/uploads\/bandeaux\/bandeaux_songe-nuit-ete-brangues-600x257.jpg 600w, https:\/\/rencontres-brangues.fr\/nrb\/wp-content\/uploads\/bandeaux\/bandeaux_songe-nuit-ete-brangues.jpg 1190w\" sizes=\"auto, (max-width: 1024px) 100vw, 1024px\" \/><\/a><\/figure>\n<\/figure>\n\n\n\n<div style=\"height:29px\" aria-hidden=\"true\" class=\"wp-block-spacer\"><\/div>\n\n\n\n<h2 class=\"wp-block-heading\"><strong>&nbsp;<\/strong><em>Le Songe d\u2019une nuit d\u2019\u00e9t\u00e9,<\/em> Shakespeare<\/h2>\n\n\n\n<p><strong>Adaptation et mise en sc\u00e8ne<\/strong>&nbsp;: Juliette Rizoud (Compagnie La Bande \u00e0 Mandrin)<br>\n<strong>Production :&nbsp;<\/strong>Th\u00e9\u00e2tre National Populaire de Villeurbanne<br>\n<strong>Interpr\u00e9tation<\/strong>&nbsp;: Amandine Blanquart \u2013 Laurence Besson \u2013 Cl\u00e9ment Carab\u00e9dian \u2013 Rapha\u00eblle Diou \u2013 Claire Galopin \u2013 Julien Gauthier \u2013 Damien Gouy \u2013 Cl\u00e9ment Morini\u00e8re<\/p>\n\n\n\n<h2 class=\"wp-block-heading\">&nbsp;<em>Le Roman de Renart<\/em>&nbsp;&nbsp;(XII<sup>e<\/sup>&nbsp;et XIII<sup>e<\/sup>&nbsp;si\u00e8cles)<\/h2>\n\n\n\n<p><strong>Adaptation<\/strong>&nbsp;: Pauline Noblecourt<br>\n<strong>Cr\u00e9ation<\/strong> <strong>et production :<\/strong>&nbsp;Th\u00e9\u00e2tre National Populaire de Villeurbanne dans le cadre du cycle \u00ab&nbsp;Le berceau de la langue&nbsp;\u00bb<br>\n<strong>Interpr\u00e9tation&nbsp;:<\/strong> Cl\u00e9ment Carab\u00e9dian &#8211; Cl\u00e9ment Morini\u00e8re<\/p>\n\n\n\n<h2 class=\"wp-block-heading\"><em>La Chanson de Roland&nbsp;<\/em>(fin du XI<sup>e<\/sup>&nbsp;si\u00e8cle)<\/h2>\n\n\n\n<p>D&rsquo;apr\u00e8s&nbsp;<em>Rappeler Roland<\/em>&nbsp;de Fr\u00e9d\u00e9ric Boyer<br>\n<strong>Cr\u00e9ation et production<\/strong>&nbsp;:&nbsp;Th\u00e9\u00e2tre National Populaire de Villeurbanne&nbsp;dans le cadre du cycle \u00ab&nbsp;Le berceau de la langue&nbsp;\u00bb&nbsp;<br>\n<strong>Interpr\u00e9tation<\/strong>&nbsp;: Julien Tiphaine<\/p>\n\n\n\n<h2 class=\"wp-block-heading\"><em>Pour Louis de Fun\u00e8s,&nbsp;<\/em>Val\u00e8re Novarina<\/h2>\n\n\n\n<p><strong>Production&nbsp;<\/strong>: L\u2019Union des contraires<br>\n<strong>Interpr\u00e9tation<\/strong>&nbsp;: Jean-Quentin Ch\u00e2telain<\/p>\n\n\n\n<h2 class=\"wp-block-heading\">\u00c0 un jeune acteur &#8211; Charles Dullin &#8211; l\u2019Atelier&nbsp;d\u2019Eddy Pallaro<\/h2>\n\n\n\n<p><strong>Cr\u00e9ation<\/strong>&nbsp;:&nbsp;Les Tr\u00e9teaux de France&nbsp;dans le cadre du feuilleton th\u00e9\u00e2tral&nbsp;L&rsquo;Aventure de la d\u00e9centralisation dramatique<br>\n<strong>Lecture mise en espace<\/strong>&nbsp;: Laurent Gutmann<br>\n<strong>Interpr\u00e9tation&nbsp;<\/strong>: Tariq Bettahar, Sylvain M\u00e9allet et St\u00e9phanie Ruaux<\/p>\n\n\n\n<h2 class=\"wp-block-heading\">&nbsp;<\/h2>\n\n\n\n<h2 class=\"wp-block-heading\"><strong>TABLES RONDES<\/strong><\/h2>\n\n\n\n<h2 class=\"wp-block-heading\">\u00ab&nbsp;L\u2019\u00e9criture inspir\u00e9e&nbsp;\u00bb<\/h2>\n\n\n\n<p>&nbsp;Avec&nbsp;la participation de&nbsp;Didier Alexandre et Michel Cagin O.S.B<br>\nConf\u00e9rence de&nbsp; Sir Michael Edwards de l\u2019Acad\u00e9mie Fran\u00e7aise (po\u00e8te et essayiste en anglais et en fran\u00e7ais)<br>\nLecture de textes par le com\u00e9dien Christophe Maltot<\/p>\n\n\n\n<h2 class=\"wp-block-heading\">Hommage \u00e0 Charles Dullin&nbsp;<\/h2>\n\n\n\n<p>\u00ab&nbsp;Paul Claudel et Charles Dullin&nbsp;\u00bb : conf\u00e9rence de Pascale Alexandre (sp\u00e9cialiste du th\u00e9\u00e2tre de Paul Claudel)&nbsp;appuy\u00e9e par des lectures&nbsp;textes tir\u00e9s de l&rsquo;\u0153uvre de Claudel et de Dullin par Christophe Maltot<\/p>\n\n\n\n<p>\u00ab&nbsp;Renaissance d\u2019une \u00c9cole hors les murs&nbsp;\u00bb :&nbsp;pr\u00e9sentation du dispositif innovant de la nouvelle \u00c9cole&nbsp;Charles-Dullin avec la participation de trois anciens \u00e9l\u00e8ves de l\u2019\u00c9cole&nbsp;: Robin Renucci (directeur des Tr\u00e9teaux de France) &#8211; Claire David (directrice de la collection Actes Sud-Papiers) &#8211; Isabelle Censier (metteur en sc\u00e8ne et fondatrice d\u2019Ici Prod) et de Yannig Raffenel, directeur ex\u00e9cutif du projet<\/p>\n\n\n\n<h2 class=\"wp-block-heading\"><strong>LECTURES&nbsp;<\/strong><\/h2>\n\n\n\n<h2 class=\"wp-block-heading\"><em>L\u2019\u0152il \u00e9coute,<\/em>&nbsp;Paul Claudel &#8211; \u00ab\u00a0Claudel et la peinture hollandaise : Rembrandt\u00a0\u00bb<\/h2>\n\n\n\n<p>4 tableaux de Rembrandt comment\u00e9s par Claudel : textes lus par Julien Tiphaine<br>\nIntroduction aux \u0153uvres et&nbsp;pr\u00e9sentation d&rsquo;un&nbsp;grand tableau du peintre<br>\nEn partenariat avec le Solstice de Brangues et les Amis de la Maison Ravier<\/p>\n\n\n\n<h2 class=\"wp-block-heading\"><em>L&rsquo;homme qui rit,&nbsp;<\/em>Victor Hugo<\/h2>\n\n\n\n<p>&nbsp;Extraits lus par Cl\u00e9ment Carab\u00e9dian et Amandine Blanquart (Cie La Bande \u00e0 Mandrin)<\/p>\n\n\n\n<h2 class=\"wp-block-heading\"><strong>VISITE GUID\u00c9E DU CH\u00c2TEAU<\/strong><\/h2>\n\n\n\n<div>&nbsp;<\/div>\n\n\n\n<h2 class=\"wp-block-heading\"><strong>AUTRES MANIFESTATIONS&nbsp;2016<\/strong><br>\n&nbsp;<\/h2>\n\n\n\n<h2 class=\"wp-block-heading\">\n<strong>ATELIER TH\u00c9\u00c2TRE<\/strong><\/h2>\n\n\n\n<h2 class=\"wp-block-heading\">Pratique&nbsp;artistique&nbsp;(geste \/ souffle&nbsp;\/ parole)<\/h2>\n\n\n\n<p><strong>Compagnie<\/strong>&nbsp;: La Bande \u00e0 Mandrin<br>\n<strong>Animation<\/strong> :&nbsp;com\u00e9dienne Rapha\u00eblle Diou &nbsp;<\/p>\n\n\n\n<h2 class=\"wp-block-heading\"><strong>CONCERT LITT\u00c9RAIRE<\/strong><\/h2>\n\n\n\n<h2 class=\"wp-block-heading\">Le Voyage Musical&nbsp;<\/h2>\n\n\n\n<p><strong>Compagnie<\/strong>: Cie Ad Libitum<br>\n<strong>Interpr\u00e9tation<\/strong> : Claire Delgado-Boge (soprano) et&nbsp;Laurence Garcin (piano)<br>\nEn&nbsp;partenariat avec l&rsquo;Association Brangues Village de Litt\u00e9rature<\/p>\n\n\n\n<h2 class=\"wp-block-heading\">&nbsp;<\/h2>\n\n\n\n<h2 class=\"wp-block-heading\"><strong>JOURN\u00c9ES DU PATRIMOINE<\/strong><\/h2>\n\n\n\n<h2 class=\"wp-block-heading\"><em>Cent phrases pour \u00e9ventails, <\/em>Paul Claudel &nbsp;<\/h2>\n\n\n\n<p><strong>Interpr\u00e9tation<\/strong>:&nbsp;Michel Decoust (compositeur) et&nbsp;Pascal L\u00e9croart (sp\u00e9cialiste de Claudel et de son rapport \u00e0 la musique)<\/p>\n","protected":false},"excerpt":{"rendered":"<p>28 JUIN AU 3 JUILLET&nbsp;2016&nbsp;<br \/> dans le cadre du festival du Solstice de Brangues<\/p>\n<p>&nbsp;<em>Le Songe d\u2019une nuit d\u2019\u00e9t\u00e9,<\/em> Shakespeare<\/p>\n<p>Adaptation et mise en sc\u00e8ne&nbsp;: Juliette Rizoud (Compagnie La Bande \u00e0 Mandrin)<br \/>\nProduction :&nbsp;Th\u00e9\u00e2tre National Populaire de Villeurbanne<br \/>\nInterpr\u00e9tation&nbsp;: Amandine Blanquart \u2013 Laurence Besson \u2013 Cl\u00e9ment Carab\u00e9dian \u2013 Rapha\u00eblle Diou \u2013 Claire Galopin \u2013 Julien Gauthier \u2013 Damien Gouy \u2013 Cl\u00e9ment Morini\u00e8re<\/p>\n<p>&nbsp;<\/p>\n","protected":false},"author":1,"featured_media":0,"comment_status":"closed","ping_status":"closed","sticky":false,"template":"","format":"standard","meta":{"_uag_custom_page_level_css":"","site-sidebar-layout":"default","site-content-layout":"","ast-site-content-layout":"default","site-content-style":"default","site-sidebar-style":"default","ast-global-header-display":"","ast-banner-title-visibility":"","ast-main-header-display":"","ast-hfb-above-header-display":"","ast-hfb-below-header-display":"","ast-hfb-mobile-header-display":"","site-post-title":"","ast-breadcrumbs-content":"","ast-featured-img":"","footer-sml-layout":"","theme-transparent-header-meta":"","adv-header-id-meta":"","stick-header-meta":"","header-above-stick-meta":"","header-main-stick-meta":"","header-below-stick-meta":"","astra-migrate-meta-layouts":"default","ast-page-background-enabled":"default","ast-page-background-meta":{"desktop":{"background-color":"var(--ast-global-color-4)","background-image":"","background-repeat":"repeat","background-position":"center center","background-size":"auto","background-attachment":"scroll","background-type":"","background-media":"","overlay-type":"","overlay-color":"","overlay-opacity":"","overlay-gradient":""},"tablet":{"background-color":"","background-image":"","background-repeat":"repeat","background-position":"center center","background-size":"auto","background-attachment":"scroll","background-type":"","background-media":"","overlay-type":"","overlay-color":"","overlay-opacity":"","overlay-gradient":""},"mobile":{"background-color":"","background-image":"","background-repeat":"repeat","background-position":"center center","background-size":"auto","background-attachment":"scroll","background-type":"","background-media":"","overlay-type":"","overlay-color":"","overlay-opacity":"","overlay-gradient":""}},"ast-content-background-meta":{"desktop":{"background-color":"var(--ast-global-color-5)","background-image":"","background-repeat":"repeat","background-position":"center center","background-size":"auto","background-attachment":"scroll","background-type":"","background-media":"","overlay-type":"","overlay-color":"","overlay-opacity":"","overlay-gradient":""},"tablet":{"background-color":"var(--ast-global-color-5)","background-image":"","background-repeat":"repeat","background-position":"center center","background-size":"auto","background-attachment":"scroll","background-type":"","background-media":"","overlay-type":"","overlay-color":"","overlay-opacity":"","overlay-gradient":""},"mobile":{"background-color":"var(--ast-global-color-5)","background-image":"","background-repeat":"repeat","background-position":"center center","background-size":"auto","background-attachment":"scroll","background-type":"","background-media":"","overlay-type":"","overlay-color":"","overlay-opacity":"","overlay-gradient":""}},"footnotes":""},"categories":[4,6,20],"tags":[],"class_list":["post-149","post","type-post","status-publish","format-standard","hentry","category-rencontres-2012-2021","category-les-rencontres","category-archives"],"yoast_head":"<!-- This site is optimized with the Yoast SEO plugin v27.4 - https:\/\/yoast.com\/product\/yoast-seo-wordpress\/ -->\n<title>Rencontres 2016 - Rencontres de Brangues<\/title>\n<meta name=\"description\" content=\"Th\u00e9\u00e2tre et po\u00e9sie : conf\u00e9rences, concerts, expositions, spectacles, rencontres, ateliers, formations... au ch\u00e2teau de Brangues en Is\u00e8re, Domaine Paul Claudel, en itin\u00e9rance et dans les \u00e9tablissements scolaires.\" \/>\n<meta name=\"robots\" content=\"index, follow, max-snippet:-1, max-image-preview:large, max-video-preview:-1\" \/>\n<link rel=\"canonical\" href=\"https:\/\/rencontres-brangues.fr\/nrb\/rencontres-2016\/\" \/>\n<meta property=\"og:locale\" content=\"fr_FR\" \/>\n<meta property=\"og:type\" content=\"article\" \/>\n<meta property=\"og:title\" content=\"Rencontres 2016 - Rencontres de Brangues\" \/>\n<meta property=\"og:description\" content=\"Th\u00e9\u00e2tre et po\u00e9sie : conf\u00e9rences, concerts, expositions, spectacles, rencontres, ateliers, formations... au ch\u00e2teau de Brangues en Is\u00e8re, Domaine Paul Claudel, en itin\u00e9rance et dans les \u00e9tablissements scolaires.\" \/>\n<meta property=\"og:url\" content=\"https:\/\/rencontres-brangues.fr\/nrb\/rencontres-2016\/\" \/>\n<meta property=\"og:site_name\" content=\"Rencontres de Brangues\" \/>\n<meta property=\"article:published_time\" content=\"2016-01-15T17:16:41+00:00\" \/>\n<meta property=\"article:modified_time\" content=\"2023-04-13T14:17:47+00:00\" \/>\n<meta property=\"og:image\" content=\"https:\/\/rencontres-brangues.fr\/nrb\/wp-content\/uploads\/photos\/photos_retouche_ef_15n03031084_copie-1024x683.jpg\" \/>\n<meta name=\"author\" content=\"cyber\" \/>\n<meta name=\"twitter:card\" content=\"summary_large_image\" \/>\n<meta name=\"twitter:label1\" content=\"\u00c9crit par\" \/>\n\t<meta name=\"twitter:data1\" content=\"cyber\" \/>\n\t<meta name=\"twitter:label2\" content=\"Dur\u00e9e de lecture estim\u00e9e\" \/>\n\t<meta name=\"twitter:data2\" content=\"3 minutes\" \/>\n<script type=\"application\/ld+json\" class=\"yoast-schema-graph\">{\"@context\":\"https:\\\/\\\/schema.org\",\"@graph\":[{\"@type\":\"Article\",\"@id\":\"https:\\\/\\\/rencontres-brangues.fr\\\/nrb\\\/rencontres-2016\\\/#article\",\"isPartOf\":{\"@id\":\"https:\\\/\\\/rencontres-brangues.fr\\\/nrb\\\/rencontres-2016\\\/\"},\"author\":{\"name\":\"cyber\",\"@id\":\"https:\\\/\\\/rencontres-brangues.fr\\\/nrb\\\/#\\\/schema\\\/person\\\/8efc73a47403742c42b376ce0789da85\"},\"headline\":\"Rencontres 2016\",\"datePublished\":\"2016-01-15T17:16:41+00:00\",\"dateModified\":\"2023-04-13T14:17:47+00:00\",\"mainEntityOfPage\":{\"@id\":\"https:\\\/\\\/rencontres-brangues.fr\\\/nrb\\\/rencontres-2016\\\/\"},\"wordCount\":603,\"publisher\":{\"@id\":\"https:\\\/\\\/rencontres-brangues.fr\\\/nrb\\\/#organization\"},\"image\":{\"@id\":\"https:\\\/\\\/rencontres-brangues.fr\\\/nrb\\\/rencontres-2016\\\/#primaryimage\"},\"thumbnailUrl\":\"https:\\\/\\\/rencontres-brangues.fr\\\/nrb\\\/wp-content\\\/uploads\\\/photos\\\/photos_retouche_ef_15n03031084_copie-1024x683.jpg\",\"articleSection\":[\"Rencontres 2012-2021\",\"Les Rencontres\",\"Archives\"],\"inLanguage\":\"fr-FR\"},{\"@type\":\"WebPage\",\"@id\":\"https:\\\/\\\/rencontres-brangues.fr\\\/nrb\\\/rencontres-2016\\\/\",\"url\":\"https:\\\/\\\/rencontres-brangues.fr\\\/nrb\\\/rencontres-2016\\\/\",\"name\":\"Rencontres 2016 - Rencontres de Brangues\",\"isPartOf\":{\"@id\":\"https:\\\/\\\/rencontres-brangues.fr\\\/nrb\\\/#website\"},\"primaryImageOfPage\":{\"@id\":\"https:\\\/\\\/rencontres-brangues.fr\\\/nrb\\\/rencontres-2016\\\/#primaryimage\"},\"image\":{\"@id\":\"https:\\\/\\\/rencontres-brangues.fr\\\/nrb\\\/rencontres-2016\\\/#primaryimage\"},\"thumbnailUrl\":\"https:\\\/\\\/rencontres-brangues.fr\\\/nrb\\\/wp-content\\\/uploads\\\/photos\\\/photos_retouche_ef_15n03031084_copie-1024x683.jpg\",\"datePublished\":\"2016-01-15T17:16:41+00:00\",\"dateModified\":\"2023-04-13T14:17:47+00:00\",\"description\":\"Th\u00e9\u00e2tre et po\u00e9sie : conf\u00e9rences, concerts, expositions, spectacles, rencontres, ateliers, formations... au ch\u00e2teau de Brangues en Is\u00e8re, Domaine Paul Claudel, en itin\u00e9rance et dans les \u00e9tablissements scolaires.\",\"breadcrumb\":{\"@id\":\"https:\\\/\\\/rencontres-brangues.fr\\\/nrb\\\/rencontres-2016\\\/#breadcrumb\"},\"inLanguage\":\"fr-FR\",\"potentialAction\":[{\"@type\":\"ReadAction\",\"target\":[\"https:\\\/\\\/rencontres-brangues.fr\\\/nrb\\\/rencontres-2016\\\/\"]}]},{\"@type\":\"ImageObject\",\"inLanguage\":\"fr-FR\",\"@id\":\"https:\\\/\\\/rencontres-brangues.fr\\\/nrb\\\/rencontres-2016\\\/#primaryimage\",\"url\":\"https:\\\/\\\/rencontres-brangues.fr\\\/nrb\\\/wp-content\\\/uploads\\\/photos\\\/photos_retouche_ef_15n03031084_copie.jpg\",\"contentUrl\":\"https:\\\/\\\/rencontres-brangues.fr\\\/nrb\\\/wp-content\\\/uploads\\\/photos\\\/photos_retouche_ef_15n03031084_copie.jpg\",\"width\":1597,\"height\":1065,\"caption\":\"retouche_ef_15n03031084_copie\"},{\"@type\":\"BreadcrumbList\",\"@id\":\"https:\\\/\\\/rencontres-brangues.fr\\\/nrb\\\/rencontres-2016\\\/#breadcrumb\",\"itemListElement\":[{\"@type\":\"ListItem\",\"position\":1,\"name\":\"Accueil\",\"item\":\"https:\\\/\\\/rencontres-brangues.fr\\\/nrb\\\/\"},{\"@type\":\"ListItem\",\"position\":2,\"name\":\"Rencontres 2016\"}]},{\"@type\":\"WebSite\",\"@id\":\"https:\\\/\\\/rencontres-brangues.fr\\\/nrb\\\/#website\",\"url\":\"https:\\\/\\\/rencontres-brangues.fr\\\/nrb\\\/\",\"name\":\"Rencontres de Brangues\",\"description\":\"th\u00e9\u00e2tre, musique, po\u00e9sie\",\"publisher\":{\"@id\":\"https:\\\/\\\/rencontres-brangues.fr\\\/nrb\\\/#organization\"},\"potentialAction\":[{\"@type\":\"SearchAction\",\"target\":{\"@type\":\"EntryPoint\",\"urlTemplate\":\"https:\\\/\\\/rencontres-brangues.fr\\\/nrb\\\/?s={search_term_string}\"},\"query-input\":{\"@type\":\"PropertyValueSpecification\",\"valueRequired\":true,\"valueName\":\"search_term_string\"}}],\"inLanguage\":\"fr-FR\"},{\"@type\":\"Organization\",\"@id\":\"https:\\\/\\\/rencontres-brangues.fr\\\/nrb\\\/#organization\",\"name\":\"Nouvelles Rencontres de Brangues\",\"url\":\"https:\\\/\\\/rencontres-brangues.fr\\\/nrb\\\/\",\"logo\":{\"@type\":\"ImageObject\",\"inLanguage\":\"fr-FR\",\"@id\":\"https:\\\/\\\/rencontres-brangues.fr\\\/nrb\\\/#\\\/schema\\\/logo\\\/image\\\/\",\"url\":\"https:\\\/\\\/www.rencontres-brangues.fr\\\/nrb\\\/wp-content\\\/uploads\\\/petit-logo-nrb.png\",\"contentUrl\":\"https:\\\/\\\/www.rencontres-brangues.fr\\\/nrb\\\/wp-content\\\/uploads\\\/petit-logo-nrb.png\",\"width\":306,\"height\":306,\"caption\":\"Nouvelles Rencontres de Brangues\"},\"image\":{\"@id\":\"https:\\\/\\\/rencontres-brangues.fr\\\/nrb\\\/#\\\/schema\\\/logo\\\/image\\\/\"}},{\"@type\":\"Person\",\"@id\":\"https:\\\/\\\/rencontres-brangues.fr\\\/nrb\\\/#\\\/schema\\\/person\\\/8efc73a47403742c42b376ce0789da85\",\"name\":\"cyber\",\"sameAs\":[\"https:\\\/\\\/www.rencontres-brangues.fr\\\/nrb\"]}]}<\/script>\n<!-- \/ Yoast SEO plugin. -->","yoast_head_json":{"title":"Rencontres 2016 - Rencontres de Brangues","description":"Th\u00e9\u00e2tre et po\u00e9sie : conf\u00e9rences, concerts, expositions, spectacles, rencontres, ateliers, formations... au ch\u00e2teau de Brangues en Is\u00e8re, Domaine Paul Claudel, en itin\u00e9rance et dans les \u00e9tablissements scolaires.","robots":{"index":"index","follow":"follow","max-snippet":"max-snippet:-1","max-image-preview":"max-image-preview:large","max-video-preview":"max-video-preview:-1"},"canonical":"https:\/\/rencontres-brangues.fr\/nrb\/rencontres-2016\/","og_locale":"fr_FR","og_type":"article","og_title":"Rencontres 2016 - Rencontres de Brangues","og_description":"Th\u00e9\u00e2tre et po\u00e9sie : conf\u00e9rences, concerts, expositions, spectacles, rencontres, ateliers, formations... au ch\u00e2teau de Brangues en Is\u00e8re, Domaine Paul Claudel, en itin\u00e9rance et dans les \u00e9tablissements scolaires.","og_url":"https:\/\/rencontres-brangues.fr\/nrb\/rencontres-2016\/","og_site_name":"Rencontres de Brangues","article_published_time":"2016-01-15T17:16:41+00:00","article_modified_time":"2023-04-13T14:17:47+00:00","og_image":[{"url":"https:\/\/rencontres-brangues.fr\/nrb\/wp-content\/uploads\/photos\/photos_retouche_ef_15n03031084_copie-1024x683.jpg","type":"","width":"","height":""}],"author":"cyber","twitter_card":"summary_large_image","twitter_misc":{"\u00c9crit par":"cyber","Dur\u00e9e de lecture estim\u00e9e":"3 minutes"},"schema":{"@context":"https:\/\/schema.org","@graph":[{"@type":"Article","@id":"https:\/\/rencontres-brangues.fr\/nrb\/rencontres-2016\/#article","isPartOf":{"@id":"https:\/\/rencontres-brangues.fr\/nrb\/rencontres-2016\/"},"author":{"name":"cyber","@id":"https:\/\/rencontres-brangues.fr\/nrb\/#\/schema\/person\/8efc73a47403742c42b376ce0789da85"},"headline":"Rencontres 2016","datePublished":"2016-01-15T17:16:41+00:00","dateModified":"2023-04-13T14:17:47+00:00","mainEntityOfPage":{"@id":"https:\/\/rencontres-brangues.fr\/nrb\/rencontres-2016\/"},"wordCount":603,"publisher":{"@id":"https:\/\/rencontres-brangues.fr\/nrb\/#organization"},"image":{"@id":"https:\/\/rencontres-brangues.fr\/nrb\/rencontres-2016\/#primaryimage"},"thumbnailUrl":"https:\/\/rencontres-brangues.fr\/nrb\/wp-content\/uploads\/photos\/photos_retouche_ef_15n03031084_copie-1024x683.jpg","articleSection":["Rencontres 2012-2021","Les Rencontres","Archives"],"inLanguage":"fr-FR"},{"@type":"WebPage","@id":"https:\/\/rencontres-brangues.fr\/nrb\/rencontres-2016\/","url":"https:\/\/rencontres-brangues.fr\/nrb\/rencontres-2016\/","name":"Rencontres 2016 - Rencontres de Brangues","isPartOf":{"@id":"https:\/\/rencontres-brangues.fr\/nrb\/#website"},"primaryImageOfPage":{"@id":"https:\/\/rencontres-brangues.fr\/nrb\/rencontres-2016\/#primaryimage"},"image":{"@id":"https:\/\/rencontres-brangues.fr\/nrb\/rencontres-2016\/#primaryimage"},"thumbnailUrl":"https:\/\/rencontres-brangues.fr\/nrb\/wp-content\/uploads\/photos\/photos_retouche_ef_15n03031084_copie-1024x683.jpg","datePublished":"2016-01-15T17:16:41+00:00","dateModified":"2023-04-13T14:17:47+00:00","description":"Th\u00e9\u00e2tre et po\u00e9sie : conf\u00e9rences, concerts, expositions, spectacles, rencontres, ateliers, formations... au ch\u00e2teau de Brangues en Is\u00e8re, Domaine Paul Claudel, en itin\u00e9rance et dans les \u00e9tablissements scolaires.","breadcrumb":{"@id":"https:\/\/rencontres-brangues.fr\/nrb\/rencontres-2016\/#breadcrumb"},"inLanguage":"fr-FR","potentialAction":[{"@type":"ReadAction","target":["https:\/\/rencontres-brangues.fr\/nrb\/rencontres-2016\/"]}]},{"@type":"ImageObject","inLanguage":"fr-FR","@id":"https:\/\/rencontres-brangues.fr\/nrb\/rencontres-2016\/#primaryimage","url":"https:\/\/rencontres-brangues.fr\/nrb\/wp-content\/uploads\/photos\/photos_retouche_ef_15n03031084_copie.jpg","contentUrl":"https:\/\/rencontres-brangues.fr\/nrb\/wp-content\/uploads\/photos\/photos_retouche_ef_15n03031084_copie.jpg","width":1597,"height":1065,"caption":"retouche_ef_15n03031084_copie"},{"@type":"BreadcrumbList","@id":"https:\/\/rencontres-brangues.fr\/nrb\/rencontres-2016\/#breadcrumb","itemListElement":[{"@type":"ListItem","position":1,"name":"Accueil","item":"https:\/\/rencontres-brangues.fr\/nrb\/"},{"@type":"ListItem","position":2,"name":"Rencontres 2016"}]},{"@type":"WebSite","@id":"https:\/\/rencontres-brangues.fr\/nrb\/#website","url":"https:\/\/rencontres-brangues.fr\/nrb\/","name":"Rencontres de Brangues","description":"th\u00e9\u00e2tre, musique, po\u00e9sie","publisher":{"@id":"https:\/\/rencontres-brangues.fr\/nrb\/#organization"},"potentialAction":[{"@type":"SearchAction","target":{"@type":"EntryPoint","urlTemplate":"https:\/\/rencontres-brangues.fr\/nrb\/?s={search_term_string}"},"query-input":{"@type":"PropertyValueSpecification","valueRequired":true,"valueName":"search_term_string"}}],"inLanguage":"fr-FR"},{"@type":"Organization","@id":"https:\/\/rencontres-brangues.fr\/nrb\/#organization","name":"Nouvelles Rencontres de Brangues","url":"https:\/\/rencontres-brangues.fr\/nrb\/","logo":{"@type":"ImageObject","inLanguage":"fr-FR","@id":"https:\/\/rencontres-brangues.fr\/nrb\/#\/schema\/logo\/image\/","url":"https:\/\/www.rencontres-brangues.fr\/nrb\/wp-content\/uploads\/petit-logo-nrb.png","contentUrl":"https:\/\/www.rencontres-brangues.fr\/nrb\/wp-content\/uploads\/petit-logo-nrb.png","width":306,"height":306,"caption":"Nouvelles Rencontres de Brangues"},"image":{"@id":"https:\/\/rencontres-brangues.fr\/nrb\/#\/schema\/logo\/image\/"}},{"@type":"Person","@id":"https:\/\/rencontres-brangues.fr\/nrb\/#\/schema\/person\/8efc73a47403742c42b376ce0789da85","name":"cyber","sameAs":["https:\/\/www.rencontres-brangues.fr\/nrb"]}]}},"uagb_featured_image_src":{"full":false,"thumbnail":false,"medium":false,"medium_large":false,"large":false,"1536x1536":false,"2048x2048":false,"woocommerce_thumbnail":false,"woocommerce_single":false,"woocommerce_gallery_thumbnail":false},"uagb_author_info":{"display_name":"cyber","author_link":"https:\/\/rencontres-brangues.fr\/nrb\/author\/cyber\/"},"uagb_comment_info":0,"uagb_excerpt":"28 JUIN AU 3 JUILLET&nbsp;2016&nbsp; dans le cadre du festival du Solstice de Brangues &nbsp;Le Songe d\u2019une nuit d\u2019\u00e9t\u00e9, Shakespeare Adaptation et mise en sc\u00e8ne&nbsp;: Juliette Rizoud (Compagnie La Bande \u00e0 Mandrin) Production :&nbsp;Th\u00e9\u00e2tre National Populaire de Villeurbanne Interpr\u00e9tation&nbsp;: Amandine Blanquart \u2013 Laurence Besson \u2013 Cl\u00e9ment Carab\u00e9dian \u2013 Rapha\u00eblle Diou \u2013 Claire Galopin \u2013 Julien\u2026","_links":{"self":[{"href":"https:\/\/rencontres-brangues.fr\/nrb\/wp-json\/wp\/v2\/posts\/149","targetHints":{"allow":["GET"]}}],"collection":[{"href":"https:\/\/rencontres-brangues.fr\/nrb\/wp-json\/wp\/v2\/posts"}],"about":[{"href":"https:\/\/rencontres-brangues.fr\/nrb\/wp-json\/wp\/v2\/types\/post"}],"author":[{"embeddable":true,"href":"https:\/\/rencontres-brangues.fr\/nrb\/wp-json\/wp\/v2\/users\/1"}],"replies":[{"embeddable":true,"href":"https:\/\/rencontres-brangues.fr\/nrb\/wp-json\/wp\/v2\/comments?post=149"}],"version-history":[{"count":8,"href":"https:\/\/rencontres-brangues.fr\/nrb\/wp-json\/wp\/v2\/posts\/149\/revisions"}],"predecessor-version":[{"id":2434,"href":"https:\/\/rencontres-brangues.fr\/nrb\/wp-json\/wp\/v2\/posts\/149\/revisions\/2434"}],"wp:attachment":[{"href":"https:\/\/rencontres-brangues.fr\/nrb\/wp-json\/wp\/v2\/media?parent=149"}],"wp:term":[{"taxonomy":"category","embeddable":true,"href":"https:\/\/rencontres-brangues.fr\/nrb\/wp-json\/wp\/v2\/categories?post=149"},{"taxonomy":"post_tag","embeddable":true,"href":"https:\/\/rencontres-brangues.fr\/nrb\/wp-json\/wp\/v2\/tags?post=149"}],"curies":[{"name":"wp","href":"https:\/\/api.w.org\/{rel}","templated":true}]}}