{"id":1279,"date":"2015-02-03T20:02:35","date_gmt":"2015-02-03T19:02:35","guid":{"rendered":"https:\/\/www.rencontres-brangues.fr\/nrb\/?p=1279"},"modified":"2024-02-16T08:15:14","modified_gmt":"2024-02-16T07:15:14","slug":"histoire-du-projet","status":"publish","type":"post","link":"https:\/\/rencontres-brangues.fr\/nrb\/histoire-du-projet\/","title":{"rendered":"Histoire du projet"},"content":{"rendered":"\n<p> <strong>En 2020, Christian Schiaretti qui dirigea pendant 18 ans le Th\u00e9\u00e2tre National Populaire, \u00e0 Villeurbanne, retrouve le ch\u00e2teau de Brangues. Avec l\u2019accord de la famille de Paul Claudel, il installe sa \u00a0\u00bb&nbsp;Compagnie Dramatique D\u00e9pendante \u00a0\u00bb dans l\u2019espace de la Ferme. Le th\u00e9\u00e2tre y prend racine et un nouvel horizon s\u2019ouvre. L\u2019espoir renait que prenne forme enfin ce Centre Paul Claudel d\u00e9di\u00e9 \u00e0 la langue po\u00e9tique et dramatique que les claud\u00e9liens appellent de leurs v\u0153ux.<\/strong><\/p>\n\n\n\n<div style=\"height:29px\" aria-hidden=\"true\" class=\"wp-block-spacer\"><\/div>\n\n\n\n<h2 class=\"wp-block-heading\"><strong>Le projet de Christian Schiaretti<\/strong><\/h2>\n\n\n\n<p><em>Paul Claudel est au si\u00e8cle dernier le po\u00e8te qui a propos\u00e9 de la fa\u00e7on la plus radicale l\u2019envahissement de l\u2019expression po\u00e9tique sur la sc\u00e8ne. Au del\u00e0 de la richesse et de la complexit\u00e9 de ses propositions strictement dramatiques, son th\u00e9\u00e2tre proc\u00e8de d\u2019un exc\u00e8s proprement po\u00e9tique dont il s\u2019agit toujours pour l\u2019interpr\u00e8te de rendre compte. On joue Claudel autant qu\u2019on le dit. Il existe une \u00e9cole du vers claud\u00e9lien. La langue fait autant barrage \u00e0 l\u2019exc\u00e8s de r\u00e9alisme qu\u2019elle sublime l\u2019objet de la repr\u00e9sentation : une \u00e9cole du dire, un th\u00e9\u00e2tre de la langue.<br>Par ailleurs, il y a chez lui un ind\u00e9niable apport th\u00e9orique \u00e0 la question de la repr\u00e9sentation. Autant par intuition chez le jeune po\u00e8te que par v\u00e9rification lorsqu\u2019il devient metteur en sc\u00e8ne que par fascination quand il est confront\u00e9 par ses voyages \u00e0 d\u2019autres formes th\u00e9\u00e2trales que celles de notre continent. Il reste en cela un exemple in\u00e9gal\u00e9 dans le r\u00e9pertoire dramatique fran\u00e7ais et peut \u00eatre consid\u00e9r\u00e9 comme l\u2019un des rares auteurs baroques fran\u00e7ais.<br>Aucun projet affirmant la n\u00e9cessit\u00e9 d\u2019un Centre Culturel de Rencontres \u00e0 Brangues ne peut s\u2019\u00e9laborer s\u2019il ne part de l\u2019\u0153uvre m\u00eame de Paul Claudel. Tant dans la dimension strictement po\u00e9tique de la sc\u00e8ne (un th\u00e9\u00e2tre pour dire et d\u00e8s lors comment) que dans la dimension universelle de l\u2019\u0153uvre (un th\u00e9\u00e2tre de l\u2019ici et de l\u2019ailleurs).<br>Le Centre Culturel de Brangues sera un lieu posant la question de la po\u00e9sie dramatique au travers de l\u2019ex\u00e9g\u00e8se (lieu de documentation, de r\u00e9sidences, de recherches, de s\u00e9minaires et dont l\u2019une des fonctions principales serait la commande de traductions), au travers de la transmission du savoir sp\u00e9cifique d\u2019actrices et d\u2019acteurs ou encore de metteurs en sc\u00e8ne ayant par leurs pratiques certains secrets du dire de certaines langues (lieu de travail valorisant le rapport aux jeunes g\u00e9n\u00e9rations, lieu de conservation au travers des techniques les plus modernes des savoirs fragiles, lieu de recherche de la transmission scolaire du savoir po\u00e9tique appliqu\u00e9 \u00e0 la sc\u00e8ne), au travers de l\u2019\u00e9laboration de formes inconnues pour des textes inou\u00efs (lieu de travaux sc\u00e9niques, lieu de commandes d\u2019\u0153uvres lyriques).<\/em><\/p>\n\n\n\n<p><strong>L\u2019ex\u00e9g\u00e8se <\/strong><br>Le Centre Culturel de Rencontre pourrait \u00eatre un lieu ressource pour l\u2019analyse nationale et internationale de la<br>question du po\u00e8me dramatique organis\u00e9e selon trois biblioth\u00e8ques :<br>&#8211; La biblioth\u00e8que de Paul Claudel m\u00eame (celle qui se trouve \u00e0 Brangues : il s\u2019agira d\u2019en assurer l\u2019inventaire et<br>l\u2019entretien).<br>&#8211; Une biblioth\u00e8que \u00e0 inventer (celle-l\u00e0 m\u00eame de l\u2019imaginaire de Paul Claudel, celle que l\u2019on peut \u00e9tablir \u00e0 la<br>lecture de son \u0153uvre).<br>&#8211; Une biblioth\u00e8que internationale (actualisant le rapport exclusif du po\u00e8te \u00e0 la sc\u00e8ne aussi bien au travers des<br>\u0153uvres du r\u00e9pertoire international qu\u2019au travers des \u0153uvres produites aujourd\u2019hui par des po\u00e8tes de la sc\u00e8ne).<\/p>\n\n\n\n<p>L\u2019action pourrait \u00eatre de cr\u00e9er d\u2019une part un lieu de r\u00e9sidence pour la recherche universitaire et dramaturgique<br>internationale, ponctu\u00e9e par l\u2019organisation de colloques et de s\u00e9minaires et d\u2019autre part un lieu de commandes<br>de traduction au gr\u00e9 des manques constat\u00e9s dans le r\u00e9pertoire universel.<br>Une activit\u00e9 d\u2019\u00e9dition rendrait compte des colloques et des s\u00e9minaires organis\u00e9s et des traductions<br>command\u00e9es.<br>(Il faut entendre dans les commandes de traductions un aller-retour entre les po\u00e8mes dramatiques de langue<br>\u00e9trang\u00e8re traduits en fran\u00e7ais et les po\u00e8mes dramatiques de langue fran\u00e7aise traduits en langue \u00e9trang\u00e8re.)<\/p>\n\n\n\n<p>Ainsi, par exemple dans le domaine de l\u2019ex\u00e9g\u00e8se et sur la question de la po\u00e9sie dramatique, claud\u00e9lienne ou<br>autre, le Centre Culturel de Rencontre pourrait donner lieu, chaque ann\u00e9e, \u00e0 :<br>&#8211; deux ou trois r\u00e9sidences de chercheurs<br>&#8211; un colloque<br>&#8211; un s\u00e9minaire<br>&#8211; une commande de traduction<br>&#8211; un \u00e0 trois ouvrages \u00e9dit\u00e9s<\/p>\n\n\n\n<p><strong>La transmission<\/strong><br>Il s\u2019agira d\u2019organiser la conservation et la transmission d\u2019un savoir propre au dire po\u00e9tique et dramatique.<br>La conservation : \u00e0 l\u2019occasion de parcours de vie d\u2019actrices ou d\u2019acteurs, \u00e0 l\u2019occasion de spectacles pertinents<br>dans le domaine de l\u2019interpr\u00e9tation d\u2019un po\u00e8me dramatique, il s\u2019agira de conserver un savoir par le biais de<br>captations sonores ou visuelles d\u2019actrices et d\u2019acteurs ou de metteurs en sc\u00e8ne.<br>La transmission : dans le cadre de stages de formation permanente ou de partenariats \u00e9tablis avec des \u00e9coles<br>nationales sup\u00e9rieures d\u2019art dramatique fran\u00e7aises ou internationales, le Centre Culturel de Rencontre sera \u00e0<br>l\u2019initiative de master-class concernant prioritairement la langue fran\u00e7aise dans sa tradition po\u00e9tique et<br>dramatique mais aussi des \u00e9coles du dire de po\u00e9sies dramatiques de langues \u00e9trang\u00e8res.<br>L\u2019\u00e9cole : le Centre Culturel de Rencontre ne pourra ignorer la question de l\u2019enseignement de l\u2019expression<br>po\u00e9tique et dramatique dans le cadre scolaire de la transmission du savoir. Il y aura aussi \u00e0 construire un lien<br>indispensable avec l\u2019\u00e9ducation nationale, en imaginant le Centre Culturel de Rencontre comme un lieu de<br>stages et de formation au profit des enseignants : un outil \u00e0 disposition des \u00e9coles.<br>L\u2019\u00e9dition : L\u00e0 aussi une activit\u00e9 d\u2019\u00e9dition pourrait rendre compte d\u2019\u0153uvres pass\u00e9es, d\u2019ouvrages th\u00e9oriques<br>autour de la prosodie.<\/p>\n\n\n\n<p> Ainsi, par exemple dans le domaine de la transmission et sur la question de la po\u00e9sie dramatique, claud\u00e9lienne<br>ou autre, le Centre Culturel de Rencontre pourrait donner lieu, chaque ann\u00e9e, \u00e0 :<br>&#8211; de deux \u00e0 trois captations de m\u00e9moires d\u2019actrices, d\u2019acteurs ou de metteurs en sc\u00e8ne<br>&#8211; trois master class (un atelier par trimestre)<br>&#8211; trois stages de formation des ma\u00eetres<br>&#8211; une commande d\u2019ouvrage sur le dire po\u00e9tique<\/p>\n\n\n\n<p><strong>L\u2019\u00e9laboration<\/strong><br>L\u2019\u00e9laboration concerne les champs d\u2019application r\u00e9els, c\u2019est \u00e0 dire incarn\u00e9s, de la po\u00e9sie dramatique. Deux<br>champs s\u2019offrent d\u2019\u00e9vidence et seraient mati\u00e8re \u00e0 commande et \u00e0 travaux :<br>&#8211; celui de la mise en sc\u00e8ne, c\u2019est \u00e0 dire de la confrontation d\u2019un po\u00e8me dramatique et d\u2019un espace sc\u00e9nique, &#8211;<br>celui de la musique, c\u2019est \u00e0 dire l\u2019ach\u00e8vement de la parole po\u00e9tique par l\u2019interpr\u00e9tation lyrique. Se poser la<br>question du dire revenant souvent \u00e0 se poser la question du chant, commande serait pass\u00e9e \u00e0 des auteurs<br>d\u2019\u0153uvres lyriques.<br>Il serait indispensable que ce processus de commande s\u2019accompagne d\u2019un processus d\u2019accueils de pr\u00e9sentation<br>des travaux.<\/p>\n\n\n\n<p> Ainsi, par exemple dans le domaine de l\u2019\u00e9laboration et sur la question de la po\u00e9sie dramatique, claud\u00e9lienne ou<br>autre, le Centre Culturel de Rencontre pourrait donner lieu, chaque ann\u00e9e, \u00e0 :<br>&#8211; une commande de travaux sc\u00e9niques<br>&#8211; une commande de composition d\u2019\u0153uvre lyrique<br>&#8211; un moment de pr\u00e9sentation des travaux<\/p>\n\n\n\n<p>Ces trois dimensions, ex\u00e9g\u00e9tique, transmissive, \u00e9laboratrice, sont \u00e9videmment lieux de communication. Nous<br>\u0153uvrerons \u00e0 la recherche d\u2019une unit\u00e9 entre conservation, transmission et \u00e9laboration<\/p>\n","protected":false},"excerpt":{"rendered":"<p>En 2020, Christian Schiaretti qui dirigea pendant 18 ans le Th\u00e9\u00e2tre National Populaire, \u00e0 Villeurbanne, retrouve le ch\u00e2teau de Brangues. Avec l\u2019accord de la famille de Paul Claudel, il installe sa &lsquo;Compagnie Dramatique D\u00e9pendante&rsquo; dans l\u2019espace de la Ferme. Le th\u00e9\u00e2tre y prend racine et un nouvel horizon s\u2019ouvre. L\u2019espoir renait que prenne forme enfin ce Centre Paul Claudel&#8230;<\/p>\n","protected":false},"author":1,"featured_media":0,"comment_status":"closed","ping_status":"closed","sticky":false,"template":"","format":"standard","meta":{"_uag_custom_page_level_css":"","site-sidebar-layout":"default","site-content-layout":"","ast-site-content-layout":"default","site-content-style":"default","site-sidebar-style":"default","ast-global-header-display":"","ast-banner-title-visibility":"","ast-main-header-display":"","ast-hfb-above-header-display":"","ast-hfb-below-header-display":"","ast-hfb-mobile-header-display":"","site-post-title":"","ast-breadcrumbs-content":"","ast-featured-img":"","footer-sml-layout":"","theme-transparent-header-meta":"","adv-header-id-meta":"","stick-header-meta":"","header-above-stick-meta":"","header-main-stick-meta":"","header-below-stick-meta":"","astra-migrate-meta-layouts":"set","ast-page-background-enabled":"default","ast-page-background-meta":{"desktop":{"background-color":"var(--ast-global-color-4)","background-image":"","background-repeat":"repeat","background-position":"center center","background-size":"auto","background-attachment":"scroll","background-type":"","background-media":"","overlay-type":"","overlay-color":"","overlay-opacity":"","overlay-gradient":""},"tablet":{"background-color":"","background-image":"","background-repeat":"repeat","background-position":"center center","background-size":"auto","background-attachment":"scroll","background-type":"","background-media":"","overlay-type":"","overlay-color":"","overlay-opacity":"","overlay-gradient":""},"mobile":{"background-color":"","background-image":"","background-repeat":"repeat","background-position":"center center","background-size":"auto","background-attachment":"scroll","background-type":"","background-media":"","overlay-type":"","overlay-color":"","overlay-opacity":"","overlay-gradient":""}},"ast-content-background-meta":{"desktop":{"background-color":"var(--ast-global-color-5)","background-image":"","background-repeat":"repeat","background-position":"center center","background-size":"auto","background-attachment":"scroll","background-type":"","background-media":"","overlay-type":"","overlay-color":"","overlay-opacity":"","overlay-gradient":""},"tablet":{"background-color":"var(--ast-global-color-5)","background-image":"","background-repeat":"repeat","background-position":"center center","background-size":"auto","background-attachment":"scroll","background-type":"","background-media":"","overlay-type":"","overlay-color":"","overlay-opacity":"","overlay-gradient":""},"mobile":{"background-color":"var(--ast-global-color-5)","background-image":"","background-repeat":"repeat","background-position":"center center","background-size":"auto","background-attachment":"scroll","background-type":"","background-media":"","overlay-type":"","overlay-color":"","overlay-opacity":"","overlay-gradient":""}},"footnotes":""},"categories":[8],"tags":[],"class_list":["post-1279","post","type-post","status-publish","format-standard","hentry","category-l-association"],"yoast_head":"<!-- This site is optimized with the Yoast SEO plugin v27.4 - https:\/\/yoast.com\/product\/yoast-seo-wordpress\/ -->\n<title>Histoire du projet - Rencontres de Brangues<\/title>\n<meta name=\"description\" content=\"Th\u00e9\u00e2tre et po\u00e9sie : conf\u00e9rences, concerts, expositions, spectacles, rencontres, ateliers, formations... au ch\u00e2teau de Brangues en Is\u00e8re, Domaine Paul Claudel, en itin\u00e9rance et dans les \u00e9tablissements scolaires.\" \/>\n<meta name=\"robots\" content=\"index, follow, max-snippet:-1, max-image-preview:large, max-video-preview:-1\" \/>\n<link rel=\"canonical\" href=\"https:\/\/rencontres-brangues.fr\/nrb\/histoire-du-projet\/\" \/>\n<meta property=\"og:locale\" content=\"fr_FR\" \/>\n<meta property=\"og:type\" content=\"article\" \/>\n<meta property=\"og:title\" content=\"Histoire du projet - Rencontres de Brangues\" \/>\n<meta property=\"og:description\" content=\"Th\u00e9\u00e2tre et po\u00e9sie : conf\u00e9rences, concerts, expositions, spectacles, rencontres, ateliers, formations... au ch\u00e2teau de Brangues en Is\u00e8re, Domaine Paul Claudel, en itin\u00e9rance et dans les \u00e9tablissements scolaires.\" \/>\n<meta property=\"og:url\" content=\"https:\/\/rencontres-brangues.fr\/nrb\/histoire-du-projet\/\" \/>\n<meta property=\"og:site_name\" content=\"Rencontres de Brangues\" \/>\n<meta property=\"article:published_time\" content=\"2015-02-03T19:02:35+00:00\" \/>\n<meta property=\"article:modified_time\" content=\"2024-02-16T07:15:14+00:00\" \/>\n<meta name=\"author\" content=\"cyber\" \/>\n<meta name=\"twitter:card\" content=\"summary_large_image\" \/>\n<meta name=\"twitter:label1\" content=\"\u00c9crit par\" \/>\n\t<meta name=\"twitter:data1\" content=\"cyber\" \/>\n\t<meta name=\"twitter:label2\" content=\"Dur\u00e9e de lecture estim\u00e9e\" \/>\n\t<meta name=\"twitter:data2\" content=\"6 minutes\" \/>\n<script type=\"application\/ld+json\" class=\"yoast-schema-graph\">{\"@context\":\"https:\\\/\\\/schema.org\",\"@graph\":[{\"@type\":\"Article\",\"@id\":\"https:\\\/\\\/rencontres-brangues.fr\\\/nrb\\\/histoire-du-projet\\\/#article\",\"isPartOf\":{\"@id\":\"https:\\\/\\\/rencontres-brangues.fr\\\/nrb\\\/histoire-du-projet\\\/\"},\"author\":{\"name\":\"cyber\",\"@id\":\"https:\\\/\\\/rencontres-brangues.fr\\\/nrb\\\/#\\\/schema\\\/person\\\/8efc73a47403742c42b376ce0789da85\"},\"headline\":\"Histoire du projet\",\"datePublished\":\"2015-02-03T19:02:35+00:00\",\"dateModified\":\"2024-02-16T07:15:14+00:00\",\"mainEntityOfPage\":{\"@id\":\"https:\\\/\\\/rencontres-brangues.fr\\\/nrb\\\/histoire-du-projet\\\/\"},\"wordCount\":1279,\"publisher\":{\"@id\":\"https:\\\/\\\/rencontres-brangues.fr\\\/nrb\\\/#organization\"},\"articleSection\":[\"l'association\"],\"inLanguage\":\"fr-FR\"},{\"@type\":\"WebPage\",\"@id\":\"https:\\\/\\\/rencontres-brangues.fr\\\/nrb\\\/histoire-du-projet\\\/\",\"url\":\"https:\\\/\\\/rencontres-brangues.fr\\\/nrb\\\/histoire-du-projet\\\/\",\"name\":\"Histoire du projet - Rencontres de Brangues\",\"isPartOf\":{\"@id\":\"https:\\\/\\\/rencontres-brangues.fr\\\/nrb\\\/#website\"},\"datePublished\":\"2015-02-03T19:02:35+00:00\",\"dateModified\":\"2024-02-16T07:15:14+00:00\",\"description\":\"Th\u00e9\u00e2tre et po\u00e9sie : conf\u00e9rences, concerts, expositions, spectacles, rencontres, ateliers, formations... au ch\u00e2teau de Brangues en Is\u00e8re, Domaine Paul Claudel, en itin\u00e9rance et dans les \u00e9tablissements scolaires.\",\"breadcrumb\":{\"@id\":\"https:\\\/\\\/rencontres-brangues.fr\\\/nrb\\\/histoire-du-projet\\\/#breadcrumb\"},\"inLanguage\":\"fr-FR\",\"potentialAction\":[{\"@type\":\"ReadAction\",\"target\":[\"https:\\\/\\\/rencontres-brangues.fr\\\/nrb\\\/histoire-du-projet\\\/\"]}]},{\"@type\":\"BreadcrumbList\",\"@id\":\"https:\\\/\\\/rencontres-brangues.fr\\\/nrb\\\/histoire-du-projet\\\/#breadcrumb\",\"itemListElement\":[{\"@type\":\"ListItem\",\"position\":1,\"name\":\"Accueil\",\"item\":\"https:\\\/\\\/rencontres-brangues.fr\\\/nrb\\\/\"},{\"@type\":\"ListItem\",\"position\":2,\"name\":\"Histoire du projet\"}]},{\"@type\":\"WebSite\",\"@id\":\"https:\\\/\\\/rencontres-brangues.fr\\\/nrb\\\/#website\",\"url\":\"https:\\\/\\\/rencontres-brangues.fr\\\/nrb\\\/\",\"name\":\"Rencontres de Brangues\",\"description\":\"th\u00e9\u00e2tre, musique, po\u00e9sie\",\"publisher\":{\"@id\":\"https:\\\/\\\/rencontres-brangues.fr\\\/nrb\\\/#organization\"},\"potentialAction\":[{\"@type\":\"SearchAction\",\"target\":{\"@type\":\"EntryPoint\",\"urlTemplate\":\"https:\\\/\\\/rencontres-brangues.fr\\\/nrb\\\/?s={search_term_string}\"},\"query-input\":{\"@type\":\"PropertyValueSpecification\",\"valueRequired\":true,\"valueName\":\"search_term_string\"}}],\"inLanguage\":\"fr-FR\"},{\"@type\":\"Organization\",\"@id\":\"https:\\\/\\\/rencontres-brangues.fr\\\/nrb\\\/#organization\",\"name\":\"Nouvelles Rencontres de Brangues\",\"url\":\"https:\\\/\\\/rencontres-brangues.fr\\\/nrb\\\/\",\"logo\":{\"@type\":\"ImageObject\",\"inLanguage\":\"fr-FR\",\"@id\":\"https:\\\/\\\/rencontres-brangues.fr\\\/nrb\\\/#\\\/schema\\\/logo\\\/image\\\/\",\"url\":\"https:\\\/\\\/www.rencontres-brangues.fr\\\/nrb\\\/wp-content\\\/uploads\\\/petit-logo-nrb.png\",\"contentUrl\":\"https:\\\/\\\/www.rencontres-brangues.fr\\\/nrb\\\/wp-content\\\/uploads\\\/petit-logo-nrb.png\",\"width\":306,\"height\":306,\"caption\":\"Nouvelles Rencontres de Brangues\"},\"image\":{\"@id\":\"https:\\\/\\\/rencontres-brangues.fr\\\/nrb\\\/#\\\/schema\\\/logo\\\/image\\\/\"}},{\"@type\":\"Person\",\"@id\":\"https:\\\/\\\/rencontres-brangues.fr\\\/nrb\\\/#\\\/schema\\\/person\\\/8efc73a47403742c42b376ce0789da85\",\"name\":\"cyber\",\"sameAs\":[\"https:\\\/\\\/www.rencontres-brangues.fr\\\/nrb\"]}]}<\/script>\n<!-- \/ Yoast SEO plugin. -->","yoast_head_json":{"title":"Histoire du projet - Rencontres de Brangues","description":"Th\u00e9\u00e2tre et po\u00e9sie : conf\u00e9rences, concerts, expositions, spectacles, rencontres, ateliers, formations... au ch\u00e2teau de Brangues en Is\u00e8re, Domaine Paul Claudel, en itin\u00e9rance et dans les \u00e9tablissements scolaires.","robots":{"index":"index","follow":"follow","max-snippet":"max-snippet:-1","max-image-preview":"max-image-preview:large","max-video-preview":"max-video-preview:-1"},"canonical":"https:\/\/rencontres-brangues.fr\/nrb\/histoire-du-projet\/","og_locale":"fr_FR","og_type":"article","og_title":"Histoire du projet - Rencontres de Brangues","og_description":"Th\u00e9\u00e2tre et po\u00e9sie : conf\u00e9rences, concerts, expositions, spectacles, rencontres, ateliers, formations... au ch\u00e2teau de Brangues en Is\u00e8re, Domaine Paul Claudel, en itin\u00e9rance et dans les \u00e9tablissements scolaires.","og_url":"https:\/\/rencontres-brangues.fr\/nrb\/histoire-du-projet\/","og_site_name":"Rencontres de Brangues","article_published_time":"2015-02-03T19:02:35+00:00","article_modified_time":"2024-02-16T07:15:14+00:00","author":"cyber","twitter_card":"summary_large_image","twitter_misc":{"\u00c9crit par":"cyber","Dur\u00e9e de lecture estim\u00e9e":"6 minutes"},"schema":{"@context":"https:\/\/schema.org","@graph":[{"@type":"Article","@id":"https:\/\/rencontres-brangues.fr\/nrb\/histoire-du-projet\/#article","isPartOf":{"@id":"https:\/\/rencontres-brangues.fr\/nrb\/histoire-du-projet\/"},"author":{"name":"cyber","@id":"https:\/\/rencontres-brangues.fr\/nrb\/#\/schema\/person\/8efc73a47403742c42b376ce0789da85"},"headline":"Histoire du projet","datePublished":"2015-02-03T19:02:35+00:00","dateModified":"2024-02-16T07:15:14+00:00","mainEntityOfPage":{"@id":"https:\/\/rencontres-brangues.fr\/nrb\/histoire-du-projet\/"},"wordCount":1279,"publisher":{"@id":"https:\/\/rencontres-brangues.fr\/nrb\/#organization"},"articleSection":["l'association"],"inLanguage":"fr-FR"},{"@type":"WebPage","@id":"https:\/\/rencontres-brangues.fr\/nrb\/histoire-du-projet\/","url":"https:\/\/rencontres-brangues.fr\/nrb\/histoire-du-projet\/","name":"Histoire du projet - Rencontres de Brangues","isPartOf":{"@id":"https:\/\/rencontres-brangues.fr\/nrb\/#website"},"datePublished":"2015-02-03T19:02:35+00:00","dateModified":"2024-02-16T07:15:14+00:00","description":"Th\u00e9\u00e2tre et po\u00e9sie : conf\u00e9rences, concerts, expositions, spectacles, rencontres, ateliers, formations... au ch\u00e2teau de Brangues en Is\u00e8re, Domaine Paul Claudel, en itin\u00e9rance et dans les \u00e9tablissements scolaires.","breadcrumb":{"@id":"https:\/\/rencontres-brangues.fr\/nrb\/histoire-du-projet\/#breadcrumb"},"inLanguage":"fr-FR","potentialAction":[{"@type":"ReadAction","target":["https:\/\/rencontres-brangues.fr\/nrb\/histoire-du-projet\/"]}]},{"@type":"BreadcrumbList","@id":"https:\/\/rencontres-brangues.fr\/nrb\/histoire-du-projet\/#breadcrumb","itemListElement":[{"@type":"ListItem","position":1,"name":"Accueil","item":"https:\/\/rencontres-brangues.fr\/nrb\/"},{"@type":"ListItem","position":2,"name":"Histoire du projet"}]},{"@type":"WebSite","@id":"https:\/\/rencontres-brangues.fr\/nrb\/#website","url":"https:\/\/rencontres-brangues.fr\/nrb\/","name":"Rencontres de Brangues","description":"th\u00e9\u00e2tre, musique, po\u00e9sie","publisher":{"@id":"https:\/\/rencontres-brangues.fr\/nrb\/#organization"},"potentialAction":[{"@type":"SearchAction","target":{"@type":"EntryPoint","urlTemplate":"https:\/\/rencontres-brangues.fr\/nrb\/?s={search_term_string}"},"query-input":{"@type":"PropertyValueSpecification","valueRequired":true,"valueName":"search_term_string"}}],"inLanguage":"fr-FR"},{"@type":"Organization","@id":"https:\/\/rencontres-brangues.fr\/nrb\/#organization","name":"Nouvelles Rencontres de Brangues","url":"https:\/\/rencontres-brangues.fr\/nrb\/","logo":{"@type":"ImageObject","inLanguage":"fr-FR","@id":"https:\/\/rencontres-brangues.fr\/nrb\/#\/schema\/logo\/image\/","url":"https:\/\/www.rencontres-brangues.fr\/nrb\/wp-content\/uploads\/petit-logo-nrb.png","contentUrl":"https:\/\/www.rencontres-brangues.fr\/nrb\/wp-content\/uploads\/petit-logo-nrb.png","width":306,"height":306,"caption":"Nouvelles Rencontres de Brangues"},"image":{"@id":"https:\/\/rencontres-brangues.fr\/nrb\/#\/schema\/logo\/image\/"}},{"@type":"Person","@id":"https:\/\/rencontres-brangues.fr\/nrb\/#\/schema\/person\/8efc73a47403742c42b376ce0789da85","name":"cyber","sameAs":["https:\/\/www.rencontres-brangues.fr\/nrb"]}]}},"uagb_featured_image_src":{"full":false,"thumbnail":false,"medium":false,"medium_large":false,"large":false,"1536x1536":false,"2048x2048":false,"woocommerce_thumbnail":false,"woocommerce_single":false,"woocommerce_gallery_thumbnail":false},"uagb_author_info":{"display_name":"cyber","author_link":"https:\/\/rencontres-brangues.fr\/nrb\/author\/cyber\/"},"uagb_comment_info":0,"uagb_excerpt":"En 2020, Christian Schiaretti qui dirigea pendant 18 ans le Th\u00e9\u00e2tre National Populaire, \u00e0 Villeurbanne, retrouve le ch\u00e2teau de Brangues. Avec l\u2019accord de la famille de Paul Claudel, il installe sa 'Compagnie Dramatique D\u00e9pendante' dans l\u2019espace de la Ferme. Le th\u00e9\u00e2tre y prend racine et un nouvel horizon s\u2019ouvre. L\u2019espoir renait que prenne forme enfin\u2026","_links":{"self":[{"href":"https:\/\/rencontres-brangues.fr\/nrb\/wp-json\/wp\/v2\/posts\/1279","targetHints":{"allow":["GET"]}}],"collection":[{"href":"https:\/\/rencontres-brangues.fr\/nrb\/wp-json\/wp\/v2\/posts"}],"about":[{"href":"https:\/\/rencontres-brangues.fr\/nrb\/wp-json\/wp\/v2\/types\/post"}],"author":[{"embeddable":true,"href":"https:\/\/rencontres-brangues.fr\/nrb\/wp-json\/wp\/v2\/users\/1"}],"replies":[{"embeddable":true,"href":"https:\/\/rencontres-brangues.fr\/nrb\/wp-json\/wp\/v2\/comments?post=1279"}],"version-history":[{"count":14,"href":"https:\/\/rencontres-brangues.fr\/nrb\/wp-json\/wp\/v2\/posts\/1279\/revisions"}],"predecessor-version":[{"id":3249,"href":"https:\/\/rencontres-brangues.fr\/nrb\/wp-json\/wp\/v2\/posts\/1279\/revisions\/3249"}],"wp:attachment":[{"href":"https:\/\/rencontres-brangues.fr\/nrb\/wp-json\/wp\/v2\/media?parent=1279"}],"wp:term":[{"taxonomy":"category","embeddable":true,"href":"https:\/\/rencontres-brangues.fr\/nrb\/wp-json\/wp\/v2\/categories?post=1279"},{"taxonomy":"post_tag","embeddable":true,"href":"https:\/\/rencontres-brangues.fr\/nrb\/wp-json\/wp\/v2\/tags?post=1279"}],"curies":[{"name":"wp","href":"https:\/\/api.w.org\/{rel}","templated":true}]}}