{"id":1207,"date":"2022-04-20T07:50:25","date_gmt":"2022-04-20T05:50:25","guid":{"rendered":"https:\/\/www.rencontres-brangues.fr\/nrb\/?p=1207"},"modified":"2023-05-17T09:00:58","modified_gmt":"2023-05-17T07:00:58","slug":"rencontres-2022","status":"publish","type":"post","link":"https:\/\/rencontres-brangues.fr\/nrb\/rencontres-2022\/","title":{"rendered":"Rencontres 2022"},"content":{"rendered":"\n<div style=\"height:21px\" aria-hidden=\"true\" class=\"wp-block-spacer\"><\/div>\n\n\n\n<p>Cet \u00e9t\u00e9 2022 les Rencontres de Brangues ont cinquante ans. Anniversaire donc de l\u2019initiative prise en 1972 par Ren\u00e9e Nantet et Jacqueline Veinstein. Cinquante ans de Rencontres ininterrompues c\u00e9l\u00e9brant la po\u00e9sie et le th\u00e9\u00e2tre, moment suspendu o\u00f9, dans le ch\u00e2teau o\u00f9 repose Paul Claudel, inspiration capitale, l\u2019on dit, l\u2019on parle, l\u2019on joue la parole po\u00e9tique. Rencontres ouvertes \u00e0 toutes et \u00e0 tous, o\u00f9 chacun peut y faire son chemin \u00e0 l\u2019\u00e9coute de grands textes du r\u00e9pertoire, \u00e0 la d\u00e9couverte de grands po\u00e8tes d\u2019aujourd\u2019hui, dans une simplicit\u00e9 qui toujours est une main tendue. Rencontres, ce mot dit tout. Esp\u00e9rance aussi que l\u2019on y per\u00e7oive comme la silhouette, l\u2019ombre port\u00e9e du grand Centre Culturel de Rencontres \u00e0 venir. <\/p>\n\n\n\n<span class=\"collapseomatic \" id=\"id69f28f3f84113\"  tabindex=\"0\" title=\"...Lire la suite\"    >...Lire la suite<\/span><div id=\"target-id69f28f3f84113\" class=\"collapseomatic_content \">Centre culturel install\u00e9 dans le domaine et offrant l\u2019ann\u00e9e durant les fruits de son activit\u00e9. Lieu de transmission, de formation, de cr\u00e9ation, d\u2019un int\u00e9r\u00eat local et national, grands po\u00e8tes vivants et \u00e9l\u00e8ves des \u00e9tablissements d\u2019\u00e0-c\u00f4t\u00e9, grands interpr\u00e8tes et public spontan\u00e9, chacun \u00e0 l\u2019\u00e9cole de la langue, de sa discipline et de son plaisir, de ses secrets et de l\u2019espoir certain qu\u2019elle constitue.\nAinsi cet \u00e9t\u00e9, au frais de la ferme du domaine, au calme du tilleul, au hasard du domaine, nous verrons : \nPour le r\u00e9pertoire Sophocle, et P\u00e9guy, sans oublier Paul Claudel le patron\nPour les plus jeunes toute l\u2019\u0153uvre de Moli\u00e8re en ses d\u00e9buts \nPour les plus petits encore des contes russes.\nPour la po\u00e9sie contemporaine une c\u00e9l\u00e9bration de la collection Po\u00e9sie Gallimard en \u00e9coutant des po\u00e8tes d\u2019aujourd\u2019hui parler les po\u00e8tes d\u2019autrefois. Avec l\u2019honneur de la visite d\u2019Antoine Gallimard. Et m\u00eame la Chine qui viendra \u00e0 nous.\nChaque Rencontres est une histoire, chaque Rencontres est une utopie qu\u2019une petite troupe d\u2019actrices et d\u2019acteurs militants tiennent et agitent en tous sens. Que les vents nous soient favorables. Nous avons besoin de vous.<\/div>\n\n\n\n<div style=\"height:31px\" aria-hidden=\"true\" class=\"wp-block-spacer\"><\/div>\n\n\n\n<figure class=\"wp-block-gallery has-nested-images columns-4 is-cropped wp-block-gallery-1 is-layout-flex wp-block-gallery-is-layout-flex\">\n<figure class=\"wp-block-image size-large\"><a href=\"https:\/\/rencontres-brangues.fr\/nrb\/wp-content\/uploads\/electre.jpg\"><img loading=\"lazy\" decoding=\"async\" width=\"2048\" height=\"1536\" data-id=\"2341\" src=\"https:\/\/rencontres-brangues.fr\/nrb\/wp-content\/uploads\/electre.jpg\" alt=\"Electre - Rencontres 2022\" class=\"wp-image-2341\" srcset=\"https:\/\/rencontres-brangues.fr\/nrb\/wp-content\/uploads\/electre.jpg 2048w, https:\/\/rencontres-brangues.fr\/nrb\/wp-content\/uploads\/electre-300x225.jpg 300w, https:\/\/rencontres-brangues.fr\/nrb\/wp-content\/uploads\/electre-768x576.jpg 768w, https:\/\/rencontres-brangues.fr\/nrb\/wp-content\/uploads\/electre-1024x768.jpg 1024w, https:\/\/rencontres-brangues.fr\/nrb\/wp-content\/uploads\/electre-1536x1152.jpg 1536w, https:\/\/rencontres-brangues.fr\/nrb\/wp-content\/uploads\/electre-600x450.jpg 600w\" sizes=\"auto, (max-width: 2048px) 100vw, 2048px\" \/><\/a><figcaption>Electre &#8211; Rencontres 2022<\/figcaption><\/figure>\n\n\n\n<figure class=\"wp-block-image size-large\"><a href=\"https:\/\/rencontres-brangues.fr\/nrb\/wp-content\/uploads\/poesie-gallimard-.jpg\"><img loading=\"lazy\" decoding=\"async\" width=\"2048\" height=\"1536\" data-id=\"2347\" src=\"https:\/\/rencontres-brangues.fr\/nrb\/wp-content\/uploads\/poesie-gallimard-.jpg\" alt=\"C\u00e9l\u00e9bration de la collection \u00ab Po\u00e9sie Gallimard \u00bb\" class=\"wp-image-2347\" srcset=\"https:\/\/rencontres-brangues.fr\/nrb\/wp-content\/uploads\/poesie-gallimard-.jpg 2048w, https:\/\/rencontres-brangues.fr\/nrb\/wp-content\/uploads\/poesie-gallimard--300x225.jpg 300w, https:\/\/rencontres-brangues.fr\/nrb\/wp-content\/uploads\/poesie-gallimard--768x576.jpg 768w, https:\/\/rencontres-brangues.fr\/nrb\/wp-content\/uploads\/poesie-gallimard--1024x768.jpg 1024w, https:\/\/rencontres-brangues.fr\/nrb\/wp-content\/uploads\/poesie-gallimard--1536x1152.jpg 1536w, https:\/\/rencontres-brangues.fr\/nrb\/wp-content\/uploads\/poesie-gallimard--600x450.jpg 600w\" sizes=\"auto, (max-width: 2048px) 100vw, 2048px\" \/><\/a><figcaption>C\u00e9l\u00e9bration de la collection \u00ab Po\u00e9sie Gallimard \u00bb<\/figcaption><\/figure>\n\n\n\n<figure class=\"wp-block-image size-large\"><a href=\"https:\/\/rencontres-brangues.fr\/nrb\/wp-content\/uploads\/3-poemes-chinois-1.jpg\"><img loading=\"lazy\" decoding=\"async\" width=\"1536\" height=\"2048\" data-id=\"2348\" src=\"https:\/\/rencontres-brangues.fr\/nrb\/wp-content\/uploads\/3-poemes-chinois-1.jpg\" alt=\"Trois po\u00e8mes chinois - Rencontres 2022\" class=\"wp-image-2348\" srcset=\"https:\/\/rencontres-brangues.fr\/nrb\/wp-content\/uploads\/3-poemes-chinois-1.jpg 1536w, https:\/\/rencontres-brangues.fr\/nrb\/wp-content\/uploads\/3-poemes-chinois-1-225x300.jpg 225w, https:\/\/rencontres-brangues.fr\/nrb\/wp-content\/uploads\/3-poemes-chinois-1-768x1024.jpg 768w, https:\/\/rencontres-brangues.fr\/nrb\/wp-content\/uploads\/3-poemes-chinois-1-1152x1536.jpg 1152w, https:\/\/rencontres-brangues.fr\/nrb\/wp-content\/uploads\/3-poemes-chinois-1-600x800.jpg 600w\" sizes=\"auto, (max-width: 1536px) 100vw, 1536px\" \/><\/a><figcaption>Trois  po\u00e8mes chinois &#8211; Rencontres 2022<\/figcaption><\/figure>\n\n\n\n<figure class=\"wp-block-image size-large\"><a href=\"https:\/\/rencontres-brangues.fr\/nrb\/wp-content\/uploads\/mon-soulier.jpg\"><img loading=\"lazy\" decoding=\"async\" width=\"1536\" height=\"2048\" data-id=\"2344\" src=\"https:\/\/rencontres-brangues.fr\/nrb\/wp-content\/uploads\/mon-soulier.jpg\" alt=\"Mon Soulier de satin - Rencontres 2022\" class=\"wp-image-2344\" srcset=\"https:\/\/rencontres-brangues.fr\/nrb\/wp-content\/uploads\/mon-soulier.jpg 1536w, https:\/\/rencontres-brangues.fr\/nrb\/wp-content\/uploads\/mon-soulier-225x300.jpg 225w, https:\/\/rencontres-brangues.fr\/nrb\/wp-content\/uploads\/mon-soulier-768x1024.jpg 768w, https:\/\/rencontres-brangues.fr\/nrb\/wp-content\/uploads\/mon-soulier-1152x1536.jpg 1152w, https:\/\/rencontres-brangues.fr\/nrb\/wp-content\/uploads\/mon-soulier-600x800.jpg 600w\" sizes=\"auto, (max-width: 1536px) 100vw, 1536px\" \/><\/a><figcaption>Mon Soulier de satin &#8211; Rencontres 2022<\/figcaption><\/figure>\n\n\n\n<figure class=\"wp-block-image size-large\"><a href=\"https:\/\/rencontres-brangues.fr\/nrb\/wp-content\/uploads\/penazar.jpg\"><img loading=\"lazy\" decoding=\"async\" width=\"1536\" height=\"2048\" data-id=\"2345\" src=\"https:\/\/rencontres-brangues.fr\/nrb\/wp-content\/uploads\/penazar.jpg\" alt=\"Le Voyage de Penazar - Rencontres 2022\" class=\"wp-image-2345\" srcset=\"https:\/\/rencontres-brangues.fr\/nrb\/wp-content\/uploads\/penazar.jpg 1536w, https:\/\/rencontres-brangues.fr\/nrb\/wp-content\/uploads\/penazar-225x300.jpg 225w, https:\/\/rencontres-brangues.fr\/nrb\/wp-content\/uploads\/penazar-768x1024.jpg 768w, https:\/\/rencontres-brangues.fr\/nrb\/wp-content\/uploads\/penazar-1152x1536.jpg 1152w, https:\/\/rencontres-brangues.fr\/nrb\/wp-content\/uploads\/penazar-600x800.jpg 600w\" sizes=\"auto, (max-width: 1536px) 100vw, 1536px\" \/><\/a><figcaption> Le Voyage de Penazar &#8211; Rencontres 2022<\/figcaption><\/figure>\n\n\n\n<figure class=\"wp-block-image size-large\"><a href=\"https:\/\/rencontres-brangues.fr\/nrb\/wp-content\/uploads\/electre-4.jpg\"><img loading=\"lazy\" decoding=\"async\" width=\"1536\" height=\"2048\" data-id=\"2343\" src=\"https:\/\/rencontres-brangues.fr\/nrb\/wp-content\/uploads\/electre-4.jpg\" alt=\"Electre - Rencontres 2022\" class=\"wp-image-2343\" srcset=\"https:\/\/rencontres-brangues.fr\/nrb\/wp-content\/uploads\/electre-4.jpg 1536w, https:\/\/rencontres-brangues.fr\/nrb\/wp-content\/uploads\/electre-4-225x300.jpg 225w, https:\/\/rencontres-brangues.fr\/nrb\/wp-content\/uploads\/electre-4-768x1024.jpg 768w, https:\/\/rencontres-brangues.fr\/nrb\/wp-content\/uploads\/electre-4-1152x1536.jpg 1152w, https:\/\/rencontres-brangues.fr\/nrb\/wp-content\/uploads\/electre-4-600x800.jpg 600w\" sizes=\"auto, (max-width: 1536px) 100vw, 1536px\" \/><\/a><figcaption>Electre &#8211; Rencontres 2022<\/figcaption><\/figure>\n<\/figure>\n\n\n\n<div style=\"height:39px\" aria-hidden=\"true\" class=\"wp-block-spacer\"><\/div>\n\n\n\n<h3 class=\"wp-block-heading\"><strong>Lundi 20 juin<\/strong> <\/h3>\n\n\n\n<p><strong>18 h30&nbsp;: <\/strong><a href=\"https:\/\/rencontres-brangues.fr\/nrb\/itinerance-avec-la-chanson-de-roland\/\" data-type=\"post\" data-id=\"1420\"><strong>La Chanson de Roland<\/strong> <\/a><br>D\u2019apr\u00e8s&nbsp;<em>Rappeler Roland<\/em>&nbsp;de Fr\u00e9d\u00e9ric Boyer &#8211; <strong>Interpr\u00e9tation<\/strong>&nbsp;: Julien Tiphaine (\u00e0 partir de 14 ans). <br><code>\u2192 \u00e0 la Taverne Rustique - Saint Chef<\/code><\/p>\n\n\n\n<h3 class=\"wp-block-heading\"><strong>Mercredi 22 juin<\/strong> <\/h3>\n\n\n\n<p><strong>18 h30&nbsp;: <\/strong><a href=\"https:\/\/rencontres-brangues.fr\/nrb\/itinerance-avec-la-chanson-de-roland\/\" data-type=\"post\" data-id=\"1420\"><strong>La Chanson de Roland<\/strong> <\/a><br> <code>\u2192 au Clo\u00eetre, Cr\u00e9mieu<\/code><\/p>\n\n\n\n<h3 class=\"wp-block-heading\"><strong>Jeudi 23 juin<\/strong><\/h3>\n\n\n\n<p><strong>18 h&nbsp;: <a href=\"https:\/\/rencontres-brangues.fr\/nrb\/comment-j-ai-dirige-une-actrice-notoire\/\" data-type=\"post\" data-id=\"1241\">Comment j\u2019ai dirig\u00e9 une actrice notoire en la suivant<\/a><\/strong><br>Chronique impromptue des tribulations d\u2019une actrice et d\u2019un metteur en metteur en sc\u00e8ne aux prises avec la prosodie de Paul Claudel. Le spectateur entre dans la coulisse, souvent dr\u00f4le, de l\u2019\u00e9laboration th\u00e9\u00e2trale.<br>Francine Berg\u00e9. Christian Schiaretti.<br><code>\u2192 \u00e0 la maison Ravier, Morestel<\/code><\/p>\n\n\n\n<h3 class=\"wp-block-heading\">vendredi 24 juin <\/h3>\n\n\n\n<p><em>Soir\u00e9e premi\u00e8re comme une promesse. Saluts \u00e0 tous. Histoire, Collation et Trag\u00e9dies.<\/em><\/p>\n\n\n\n<p><strong>19 h 30&nbsp;: Ouverture<\/strong><br>Marie Victoire Nantet \u00e9voque la longue histoire des Rencontres de Brangues. Christian Schiaretti expose les Rencontres 2022. Et l\u2019on souffle les bougies.<br><code>\u2192 ch\u00e2teau de Brangues \/ la ferme<\/code><\/p>\n\n\n\n<p><strong>20 h 30 : Restauration l\u00e9g\u00e8re<\/strong> <\/p>\n\n\n\n<p><strong>21 h 30&nbsp;: <\/strong><em><a href=\"https:\/\/www.rencontres-brangues.fr\/nrb\/electre\/\" data-type=\"post\" data-id=\"1532\"><strong>Electre<\/strong><\/a><\/em><strong><a href=\"https:\/\/www.rencontres-brangues.fr\/nrb\/electre\/\" data-type=\"post\" data-id=\"1532\"> <\/a>de Sophocle. Variation de Jean Pierre Sim\u00e9on<\/strong><br>Electre la grande col\u00e8re, celle qui refuse, pierre \u00e2pre, pierre dure sur laquelle s\u2019aiguisera le couteau d\u2019Oreste son fr\u00e8re. Trag\u00e9die de la vengeance : au nom du p\u00e8re meurtre de la m\u00e8re : Clytemnestre la grande, unie au sang de son amant.<br>Il s\u2019agit ici d\u2019une variation de Jean-Pierre Sim\u00e9on. C\u2019est \u00e0 dire d\u2019une fid\u00e9lit\u00e9 dramatique au texte de Sophocle dans la langue propre du po\u00e8te d\u2019aujourd\u2019hui. Travail o\u00f9 l\u2019on verra le th\u00e9\u00e2tre se faire devant nous.<br>Avec : Francine Berg\u00e9, Louise Chevillotte, Juliette Gharbi, Julien Gauthier, Kenza Laala, Julien Thiphaine.<br><code>\u2192 ch\u00e2teau de Brangues \/ la ferme<\/code><\/p>\n\n\n\n<h3 class=\"wp-block-heading\">Samedi 25 juin <\/h3>\n\n\n\n<p><em>Journ\u00e9e enti\u00e8re en hommage \u00e0 la collection Po\u00e9sie Gallimard. Voyage dans le domaine en po\u00e9sie, jusqu\u2019en Chine. <\/em>Les histoires de Rosalie<em> pour les petits.<\/em><br><em><code>Th\u00e9\u00e2tre \u00e0 la ferme et au Ch\u00e2teau.<\/code><\/em><\/p>\n\n\n\n<p><strong>11 h&nbsp;: C\u00e9l\u00e9bration de la collection \u00ab&nbsp;Po\u00e9sie Gallimard&nbsp;\u00bb<\/strong><br> Deux directeurs de la collection \u00ab&nbsp;Po\u00e9sie Gallimard&nbsp;\u00bb t\u00e9moignent de la responsabilit\u00e9 d\u2019\u00e9dition d\u2019une telle collection, sa richesse, son ambition, ses perspectives.L\u2019un pr\u00e9c\u00e9da l\u2019autre dans cette fonction : Andr\u00e9 Velter. L\u2019autre lui succ\u00e9da : Jean-Pierre Sim\u00e9on. Les deux sont po\u00e8tes. <br><code>\u2192 ch\u00e2teau de Brangues \/ la ferme<\/code><\/p>\n\n\n\n<p><strong>12 h&nbsp;: Lydie Dattas&nbsp;<\/strong><br>Comme tous les po\u00e8tes invit\u00e9s durant cette journ\u00e9e, Lydie Dattas est publi\u00e9e dans la collection Po\u00e9sie Gallimard. Pr\u00e9sent\u00e9e par Jean-Pierre Sim\u00e9on et Andr\u00e9 Velter, elle fera entendre elle-m\u00eame sa voix et ses mots.<br><code>\u2192 ch\u00e2teau de Brangues \/ la ferme<\/code><\/p>\n\n\n\n<p><strong>12 h 30&nbsp;: Repas<\/strong><\/p>\n\n\n\n<p><strong>14 h &#8211; 15 h&nbsp;: Balade et po\u00e9sie au ch\u00e2teau &nbsp;<\/strong><br>Il s\u2019agira pour trois po\u00e8tes accompagn\u00e9s de trois actrices ou acteurs de s\u2019installer chacun dans un lieu improbable du domaine. L\u2019interpr\u00e8te lira un po\u00e8me choisi par le po\u00e8te dans la collection Po\u00e9sie Gallimard. Le po\u00e8te commentera son choix. En bon troc l\u2019interpr\u00e8te dira lui un po\u00e8me du po\u00e8te.<br>Il s\u2019agira pour le public de choisir \u00e0 chaque heure son po\u00e8te. Ayant trois po\u00e8tes sur deux heures, le public ne pourra en entendre que deux sur l\u2019ensemble. Et il n\u2019y aura pas de mauvais choix.<br>&#8211; Olivier Barbarant, \u00e0 propos de Louis Aragon. Interpr\u00e8te : Louise Chevillotte.<br>&#8211; Eric Sarner, \u00e0 propos de Roberto Juarroz&nbsp;: Interpr\u00e8te : Kenza Laala.<br>&#8211; Christian Bobin, \u00e0 propos de Tomas Transtr\u00f6m&nbsp;: Interpr\u00e8te : Julien Tiphaine.&nbsp;<br><code>\u2192 ch\u00e2teau de Brangues \/ maison du peintre, \u00e9curies, pavillon<\/code><\/p>\n\n\n\n<p><strong>15h30 \u2013 16h : <\/strong>Pour les tous petits :<strong> <\/strong><em><strong><a href=\"https:\/\/rencontres-brangues.fr\/nrb\/les-histoires-de-rosalie\/\" data-type=\"post\" data-id=\"954\">Les histoires de Rosalie<\/a><\/strong><\/em> (\u00e0 partir de 3 ans)<br>Ce sont de petits contes russes, inspir\u00e9s \u00e0 l\u2019\u00e9crivain par sa grand-m\u00e8re selon l\u2019origine \u00e0 la fois ukrainienne et russe de sa famille. Michel Vinaver, ami de Brangues, disparu cette ann\u00e9e au premier jour du mois de mai. Hommage. (dur\u00e9e 30 mn)<br><code>\u2192 ch\u00e2teau de Brangues \/ biblioth\u00e8que Pierre Claudel<\/code><\/p>\n\n\n\n<p><strong>16 h \u2013 17 h : Rencontre avec Antoine Gallimard&nbsp;<\/strong><br>Antoine Gallimard tient ici sa promesse de venir \u00e0 Brangues. Paul Claudel joua un r\u00f4le essentiel au d\u00e9but de l\u2019aventure Gallimard. Et aujourd\u2019hui Gallimard joue un r\u00f4le essentiel dans l\u2019\u00e9dition fran\u00e7aise.<br><code>\u2192 ch\u00e2teau de Brangues \/ la ferme<\/code><\/p>\n\n\n\n<p><strong>17 h \u2013 18 h&nbsp;: Trois po\u00e8mes chinois&nbsp;<\/strong><br>Ruling Zhang Blein est po\u00e9tesse chinoise. Parlant parfaitement le fran\u00e7ais. Elle fera entendre sa langue natale dans son expression po\u00e9tique. Quelles sont les r\u00e8gles prosodiques de la po\u00e9sie chinoise ?<br><code>\u2192 ch\u00e2teau de Brangues \/ Biblioth\u00e8que Pierre Claudel<\/code><\/p>\n\n\n\n<p><strong>18h \u2013 20h . <a href=\"https:\/\/www.rencontres-brangues.fr\/nrb\/jeanne\/\" data-type=\"post\" data-id=\"964\">Jeanne<\/a><\/strong> <strong>de Charles P\u00e9guy .<\/strong><br>Le spectacle avait impressionn\u00e9 l\u2019an dernier par la d\u00e9pense des actrices incarnant ce texte inou\u00ef de P\u00e9guy. Ce po\u00e8me dramatique fait entendre les quelques heures qui pr\u00e9c\u00e8dent la r\u00e9v\u00e9lation de Jeanne.<br><code>\u2192 ch\u00e2teau de Brangues \/ <code>biblioth\u00e8que Pierre Claudel<\/code><\/code> <\/p>\n\n\n\n<p><strong>20 h &#8211; 21 h 30&nbsp;: Repas&nbsp;<\/strong> <code><a href=\"https:\/\/rencontres-brangues.fr\/nrb\/evenements\/repas\/\">\u2192 r\u00e9servez<\/a><\/code><\/p>\n\n\n\n<p><strong>21 h 30 \u2013 23 h &nbsp;: <\/strong><em><strong><a href=\"https:\/\/rencontres-brangues.fr\/nrb\/le-voyage-de-penazar\/\" data-type=\"post\" data-id=\"1266\">Le Voyage de Penazar<\/a> <\/strong><\/em><strong>de Fran\u00e7ois Cervantes<\/strong> (\u00e0 partir de 11 ans)<br>Avec : Catherine Germain, musique : Philippe Foch<br>Fran\u00e7ois Cervantes \u00e9crit Le Voyage de Penazar apr\u00e8s avoir d\u00e9couvert un masque chez un antiquaire. Penazar est un personnage dans une grande histoire orientale au treizi\u00e8me si\u00e8cle, serviteur du Prince de Gelgel. Il est d\u2019une fid\u00e9lit\u00e9 l\u00e9gendaire. \u00c0 la mort de son ma\u00eetre, il quitte son royaume et son \u00e9poque, il commence un long voyage pour arriver dans une grande ville d\u2019Europe, au vingt-et-uni\u00e8me si\u00e8cle.<br>Les spectacles de masque sont rares, les amiti\u00e9s au th\u00e9\u00e2tre le sont aussi. Quand il s\u2019agit d\u2019accueillir un spectacle de masque d\u2019amis : on y court. (dur\u00e9e 1h30)<br><code>\u2192 ch\u00e2teau de Brangues \/ la ferme<\/code><\/p>\n\n\n\n<h3 class=\"wp-block-heading\">Dimanche 26 juin <\/h3>\n\n\n\n<p><em>Journ\u00e9e consacr\u00e9e \u00e0 la transmission. Comment transmettre ce qui souvent s\u2019\u00e9labore dans le secret ? Expos\u00e9s de projets, petit cin\u00e9ma Moli\u00e8re, dialogue actrice metteur en sc\u00e8ne, bref comment fait-on ?<\/em><\/p>\n\n\n\n<p><strong>De 11 h 30 \u00e0 18 h&nbsp;: Petit cin\u00e9ma Moli\u00e8re&nbsp;<\/strong><br>Toute l\u2019\u0153uvre du Moli\u00e8re de Province. Premi\u00e8res \u0153uvres du grand auteur. Farces et com\u00e9dies du grand patron. Captations \u00e0 voir ou \u00e0 revoir.<br>&#8211; 11 h 30&nbsp;: <em>La Jalousie du Barbouill\u00e9&nbsp;<\/em><br>&#8211; 12 h&nbsp;: <em>Le m\u00e9decin volant&nbsp;<\/em><br>&#8211; 14 h&nbsp;: <em>L\u2019\u00e9tourdi&nbsp;<\/em><br>&#8211; 15 h&nbsp;: <em>Les Pr\u00e9cieuses&nbsp;ridicules&nbsp;<\/em><br>&#8211; 16 h&nbsp;: <em>Sganarelle ou le cocu&nbsp;imaginaire&nbsp;<\/em><br>&#8211; 17 h&nbsp;: <em>L\u2019\u00e9cole des maris&nbsp;<\/em><br>Programme pr\u00e9sent\u00e9 par le metteur en sc\u00e8ne<br><code>\u2192 ch\u00e2teau de Brangues \/ biblioth\u00e8que Pierre Claudel<\/code><\/p>\n\n\n\n<p><strong>11h 30&nbsp;: Mon <\/strong><em><strong>Soulier de satin<\/strong><\/em><br>Il avait impressionn\u00e9 lors des derni\u00e8res Rencontres par sa passion et son interpr\u00e9tation des <em>Cinq Grandes Odes<\/em> de Paul Claudel. Acteur et metteur en sc\u00e8ne, Aimery Suarez-Pazos nous exposera son <em>Soulier de Satin<\/em> qu\u2019il devrait mettre en sc\u00e8ne la saison prochaine.<br><code>\u2192 ch\u00e2teau de Brangues \/ sous le tilleul<\/code>&nbsp;<\/p>\n\n\n\n<p><strong>12h 30&nbsp;: Repas&nbsp;<\/strong><\/p>\n\n\n\n<p><strong>1<\/strong>4<strong> h30&nbsp;: Cyrano<\/strong><br>Initiative prise par l\u2019\u00e9quipe de la revue <em>Th\u00e9\u00e2tral.<\/em> Cyrano est un lieu ressource mettant \u00e0 disposition du corps enseignant des captations d\u2019\u0153uvres th\u00e9\u00e2trales. Du vivant au m\u00e9diatis\u00e9, quelle transmission ?&nbsp;Entretien avec H\u00e9l\u00e8ne Chevrier r\u00e9dactrice en chef de la revue <em>Th\u00e9\u00e2tral<\/em>, et \u00c9ric Dausset directeur de publication.<br><code>\u2192 ch\u00e2teau de Brangues \/ sous le tilleul<\/code>&nbsp;<\/p>\n\n\n\n<p><strong>15h : <\/strong>Pour les tous petits :<strong> <\/strong><em><strong><a href=\"https:\/\/rencontres-brangues.fr\/nrb\/les-histoires-de-rosalie\/\" data-type=\"post\" data-id=\"954\">Les histoires de Rosalie<\/a><\/strong><\/em> , \u00e0 partir de 3 ans (dur\u00e9e 30 mn)<br><code>\u2192 ch\u00e2teau de Brangues \/ biblioth\u00e8que Pierre Claudel<\/code><\/p>\n\n\n\n<p><strong>15 h&nbsp;30 : <a href=\"https:\/\/rencontres-brangues.fr\/nrb\/comment-j-ai-dirige-une-actrice-notoire\/\" data-type=\"post\" data-id=\"1241\">Comment j\u2019ai dirig\u00e9 une actrice notoire en la suivant<\/a><\/strong><br><code>\u2192 ch\u00e2teau de Brangues \/ la ferme<\/code><\/p>\n\n\n\n<p><strong>17 h&nbsp;: <a href=\"https:\/\/www.rencontres-brangues.fr\/nrb\/stabat-mater-furiosa\/\" data-type=\"post\" data-id=\"1447\">Le <\/a><\/strong><em><a href=\"https:\/\/www.rencontres-brangues.fr\/nrb\/stabat-mater-furiosa\/\" data-type=\"post\" data-id=\"1447\"><strong>Stabat Mater Furiosa<\/strong><\/a><\/em><strong> par Gis\u00e8le Torterolo<\/strong><br>La version originale du texte de Jean-Pierre Sim\u00e9on mise en sc\u00e8ne il y a plus de vingt ans par Christian Schiaretti. Geste initial de leurs aventures th\u00e9\u00e2trales et po\u00e9tiques r\u00e9ciproques. Grand moment servi par une grande actrice qui sait le secret du po\u00e8me dramatique fran\u00e7ais le plus interpr\u00e9t\u00e9 aujourd\u2019hui en France et dans le monde.<br><code>\u2192 ch\u00e2teau de Brangues \/ la ferme<\/code><\/p>\n\n\n\n<p><strong>18 h&nbsp;: <\/strong><em><strong><a href=\"https:\/\/www.rencontres-brangues.fr\/nrb\/electre\/\" data-type=\"post\" data-id=\"1532\">Electre <\/a><\/strong><\/em><strong>de Sophocle. Variation de Jean-Pierre Sim\u00e9on<\/strong><br>Si nous avons encore faim, si les \u00e9nergies sont l\u00e0. Retour \u00e0 l\u2019ouverture de ses cinquanti\u00e8mes rencontres.<br>Final et adieu. Au moins un verre, au mieux de la musique.<br><code>\u2192 ch\u00e2teau de Brangues \/ la ferme<\/code><\/p>\n\n\n\n<h3 class=\"wp-block-heading\"><strong>Pendant tout le temps des Rencontres<\/strong><\/h3>\n\n\n\n<p>Exposition des aquarelles de Ren\u00e9e Nantet Claudel<br>(Pavillon)<\/p>\n","protected":false},"excerpt":{"rendered":"<p>Du 20 au 26 juin 2022 <br \/>\nAu programme : <br \/>\nPour le r\u00e9pertoire Sophocle, et P\u00e9guy, sans oublier Paul Claudel le patron<br \/>\nPour les plus jeunes toute l\u2019\u0153uvre de Moli\u00e8re en ses d\u00e9buts<br \/>\nPour les plus petits encore des contes russes.<br \/>\nPour la po\u00e9sie contemporaine une c\u00e9l\u00e9bration de la collection Po\u00e9sie Gallimard&#8230;<\/p>\n","protected":false},"author":1,"featured_media":0,"comment_status":"closed","ping_status":"closed","sticky":false,"template":"","format":"standard","meta":{"_uag_custom_page_level_css":"","site-sidebar-layout":"default","site-content-layout":"","ast-site-content-layout":"default","site-content-style":"default","site-sidebar-style":"default","ast-global-header-display":"","ast-banner-title-visibility":"","ast-main-header-display":"","ast-hfb-above-header-display":"","ast-hfb-below-header-display":"","ast-hfb-mobile-header-display":"","site-post-title":"","ast-breadcrumbs-content":"","ast-featured-img":"","footer-sml-layout":"","ast-disable-related-posts":"","theme-transparent-header-meta":"","adv-header-id-meta":"","stick-header-meta":"","header-above-stick-meta":"","header-main-stick-meta":"","header-below-stick-meta":"","astra-migrate-meta-layouts":"default","ast-page-background-enabled":"default","ast-page-background-meta":{"desktop":{"background-color":"var(--ast-global-color-4)","background-image":"","background-repeat":"repeat","background-position":"center center","background-size":"auto","background-attachment":"scroll","background-type":"","background-media":"","overlay-type":"","overlay-color":"","overlay-opacity":"","overlay-gradient":""},"tablet":{"background-color":"","background-image":"","background-repeat":"repeat","background-position":"center center","background-size":"auto","background-attachment":"scroll","background-type":"","background-media":"","overlay-type":"","overlay-color":"","overlay-opacity":"","overlay-gradient":""},"mobile":{"background-color":"","background-image":"","background-repeat":"repeat","background-position":"center center","background-size":"auto","background-attachment":"scroll","background-type":"","background-media":"","overlay-type":"","overlay-color":"","overlay-opacity":"","overlay-gradient":""}},"ast-content-background-meta":{"desktop":{"background-color":"var(--ast-global-color-5)","background-image":"","background-repeat":"repeat","background-position":"center center","background-size":"auto","background-attachment":"scroll","background-type":"","background-media":"","overlay-type":"","overlay-color":"","overlay-opacity":"","overlay-gradient":""},"tablet":{"background-color":"var(--ast-global-color-5)","background-image":"","background-repeat":"repeat","background-position":"center center","background-size":"auto","background-attachment":"scroll","background-type":"","background-media":"","overlay-type":"","overlay-color":"","overlay-opacity":"","overlay-gradient":""},"mobile":{"background-color":"var(--ast-global-color-5)","background-image":"","background-repeat":"repeat","background-position":"center center","background-size":"auto","background-attachment":"scroll","background-type":"","background-media":"","overlay-type":"","overlay-color":"","overlay-opacity":"","overlay-gradient":""}},"footnotes":""},"categories":[14,6,21],"tags":[],"class_list":["post-1207","post","type-post","status-publish","format-standard","hentry","category-programmation","category-les-rencontres","category-rencontres-2022"],"yoast_head":"<!-- This site is optimized with the Yoast SEO plugin v27.5 - https:\/\/yoast.com\/product\/yoast-seo-wordpress\/ -->\n<title>Rencontres 2022 - Rencontres de Brangues<\/title>\n<meta name=\"description\" content=\"Th\u00e9\u00e2tre et po\u00e9sie : conf\u00e9rences, concerts, expositions, spectacles, rencontres, ateliers, formations... au ch\u00e2teau de Brangues en Is\u00e8re, Domaine Paul Claudel, en itin\u00e9rance et dans les \u00e9tablissements scolaires.\" \/>\n<meta name=\"robots\" content=\"index, follow, max-snippet:-1, max-image-preview:large, max-video-preview:-1\" \/>\n<link rel=\"canonical\" href=\"https:\/\/rencontres-brangues.fr\/nrb\/rencontres-2022\/\" \/>\n<meta property=\"og:locale\" content=\"fr_FR\" \/>\n<meta property=\"og:type\" content=\"article\" \/>\n<meta property=\"og:title\" content=\"Rencontres 2022 - Rencontres de Brangues\" \/>\n<meta property=\"og:description\" content=\"Th\u00e9\u00e2tre et po\u00e9sie : conf\u00e9rences, concerts, expositions, spectacles, rencontres, ateliers, formations... au ch\u00e2teau de Brangues en Is\u00e8re, Domaine Paul Claudel, en itin\u00e9rance et dans les \u00e9tablissements scolaires.\" \/>\n<meta property=\"og:url\" content=\"https:\/\/rencontres-brangues.fr\/nrb\/rencontres-2022\/\" \/>\n<meta property=\"og:site_name\" content=\"Rencontres de Brangues\" \/>\n<meta property=\"article:published_time\" content=\"2022-04-20T05:50:25+00:00\" \/>\n<meta property=\"article:modified_time\" content=\"2023-05-17T07:00:58+00:00\" \/>\n<meta property=\"og:image\" content=\"https:\/\/rencontres-brangues.fr\/nrb\/wp-content\/uploads\/electre.jpg\" \/>\n<meta name=\"author\" content=\"cyber\" \/>\n<meta name=\"twitter:card\" content=\"summary_large_image\" \/>\n<meta name=\"twitter:label1\" content=\"\u00c9crit par\" \/>\n\t<meta name=\"twitter:data1\" content=\"cyber\" \/>\n\t<meta name=\"twitter:label2\" content=\"Dur\u00e9e de lecture estim\u00e9e\" \/>\n\t<meta name=\"twitter:data2\" content=\"9 minutes\" \/>\n<script type=\"application\/ld+json\" class=\"yoast-schema-graph\">{\"@context\":\"https:\\\/\\\/schema.org\",\"@graph\":[{\"@type\":\"Article\",\"@id\":\"https:\\\/\\\/rencontres-brangues.fr\\\/nrb\\\/rencontres-2022\\\/#article\",\"isPartOf\":{\"@id\":\"https:\\\/\\\/rencontres-brangues.fr\\\/nrb\\\/rencontres-2022\\\/\"},\"author\":{\"name\":\"cyber\",\"@id\":\"https:\\\/\\\/rencontres-brangues.fr\\\/nrb\\\/#\\\/schema\\\/person\\\/8efc73a47403742c42b376ce0789da85\"},\"headline\":\"Rencontres 2022\",\"datePublished\":\"2022-04-20T05:50:25+00:00\",\"dateModified\":\"2023-05-17T07:00:58+00:00\",\"mainEntityOfPage\":{\"@id\":\"https:\\\/\\\/rencontres-brangues.fr\\\/nrb\\\/rencontres-2022\\\/\"},\"wordCount\":1661,\"publisher\":{\"@id\":\"https:\\\/\\\/rencontres-brangues.fr\\\/nrb\\\/#organization\"},\"image\":{\"@id\":\"https:\\\/\\\/rencontres-brangues.fr\\\/nrb\\\/rencontres-2022\\\/#primaryimage\"},\"thumbnailUrl\":\"https:\\\/\\\/rencontres-brangues.fr\\\/nrb\\\/wp-content\\\/uploads\\\/electre.jpg\",\"articleSection\":[\"Programmation\",\"Les Rencontres\",\"Rencontres 2022\"],\"inLanguage\":\"fr-FR\"},{\"@type\":\"WebPage\",\"@id\":\"https:\\\/\\\/rencontres-brangues.fr\\\/nrb\\\/rencontres-2022\\\/\",\"url\":\"https:\\\/\\\/rencontres-brangues.fr\\\/nrb\\\/rencontres-2022\\\/\",\"name\":\"Rencontres 2022 - Rencontres de Brangues\",\"isPartOf\":{\"@id\":\"https:\\\/\\\/rencontres-brangues.fr\\\/nrb\\\/#website\"},\"primaryImageOfPage\":{\"@id\":\"https:\\\/\\\/rencontres-brangues.fr\\\/nrb\\\/rencontres-2022\\\/#primaryimage\"},\"image\":{\"@id\":\"https:\\\/\\\/rencontres-brangues.fr\\\/nrb\\\/rencontres-2022\\\/#primaryimage\"},\"thumbnailUrl\":\"https:\\\/\\\/rencontres-brangues.fr\\\/nrb\\\/wp-content\\\/uploads\\\/electre.jpg\",\"datePublished\":\"2022-04-20T05:50:25+00:00\",\"dateModified\":\"2023-05-17T07:00:58+00:00\",\"description\":\"Th\u00e9\u00e2tre et po\u00e9sie : conf\u00e9rences, concerts, expositions, spectacles, rencontres, ateliers, formations... au ch\u00e2teau de Brangues en Is\u00e8re, Domaine Paul Claudel, en itin\u00e9rance et dans les \u00e9tablissements scolaires.\",\"breadcrumb\":{\"@id\":\"https:\\\/\\\/rencontres-brangues.fr\\\/nrb\\\/rencontres-2022\\\/#breadcrumb\"},\"inLanguage\":\"fr-FR\",\"potentialAction\":[{\"@type\":\"ReadAction\",\"target\":[\"https:\\\/\\\/rencontres-brangues.fr\\\/nrb\\\/rencontres-2022\\\/\"]}]},{\"@type\":\"ImageObject\",\"inLanguage\":\"fr-FR\",\"@id\":\"https:\\\/\\\/rencontres-brangues.fr\\\/nrb\\\/rencontres-2022\\\/#primaryimage\",\"url\":\"https:\\\/\\\/rencontres-brangues.fr\\\/nrb\\\/wp-content\\\/uploads\\\/electre.jpg\",\"contentUrl\":\"https:\\\/\\\/rencontres-brangues.fr\\\/nrb\\\/wp-content\\\/uploads\\\/electre.jpg\",\"width\":2048,\"height\":1536,\"caption\":\"Electre - Rencontres 2022\"},{\"@type\":\"BreadcrumbList\",\"@id\":\"https:\\\/\\\/rencontres-brangues.fr\\\/nrb\\\/rencontres-2022\\\/#breadcrumb\",\"itemListElement\":[{\"@type\":\"ListItem\",\"position\":1,\"name\":\"Accueil\",\"item\":\"https:\\\/\\\/rencontres-brangues.fr\\\/nrb\\\/\"},{\"@type\":\"ListItem\",\"position\":2,\"name\":\"Rencontres 2022\"}]},{\"@type\":\"WebSite\",\"@id\":\"https:\\\/\\\/rencontres-brangues.fr\\\/nrb\\\/#website\",\"url\":\"https:\\\/\\\/rencontres-brangues.fr\\\/nrb\\\/\",\"name\":\"Rencontres de Brangues\",\"description\":\"th\u00e9\u00e2tre, musique, po\u00e9sie\",\"publisher\":{\"@id\":\"https:\\\/\\\/rencontres-brangues.fr\\\/nrb\\\/#organization\"},\"potentialAction\":[{\"@type\":\"SearchAction\",\"target\":{\"@type\":\"EntryPoint\",\"urlTemplate\":\"https:\\\/\\\/rencontres-brangues.fr\\\/nrb\\\/?s={search_term_string}\"},\"query-input\":{\"@type\":\"PropertyValueSpecification\",\"valueRequired\":true,\"valueName\":\"search_term_string\"}}],\"inLanguage\":\"fr-FR\"},{\"@type\":\"Organization\",\"@id\":\"https:\\\/\\\/rencontres-brangues.fr\\\/nrb\\\/#organization\",\"name\":\"Nouvelles Rencontres de Brangues\",\"url\":\"https:\\\/\\\/rencontres-brangues.fr\\\/nrb\\\/\",\"logo\":{\"@type\":\"ImageObject\",\"inLanguage\":\"fr-FR\",\"@id\":\"https:\\\/\\\/rencontres-brangues.fr\\\/nrb\\\/#\\\/schema\\\/logo\\\/image\\\/\",\"url\":\"https:\\\/\\\/www.rencontres-brangues.fr\\\/nrb\\\/wp-content\\\/uploads\\\/petit-logo-nrb.png\",\"contentUrl\":\"https:\\\/\\\/www.rencontres-brangues.fr\\\/nrb\\\/wp-content\\\/uploads\\\/petit-logo-nrb.png\",\"width\":306,\"height\":306,\"caption\":\"Nouvelles Rencontres de Brangues\"},\"image\":{\"@id\":\"https:\\\/\\\/rencontres-brangues.fr\\\/nrb\\\/#\\\/schema\\\/logo\\\/image\\\/\"}},{\"@type\":\"Person\",\"@id\":\"https:\\\/\\\/rencontres-brangues.fr\\\/nrb\\\/#\\\/schema\\\/person\\\/8efc73a47403742c42b376ce0789da85\",\"name\":\"cyber\",\"sameAs\":[\"https:\\\/\\\/www.rencontres-brangues.fr\\\/nrb\"]}]}<\/script>\n<!-- \/ Yoast SEO plugin. -->","yoast_head_json":{"title":"Rencontres 2022 - Rencontres de Brangues","description":"Th\u00e9\u00e2tre et po\u00e9sie : conf\u00e9rences, concerts, expositions, spectacles, rencontres, ateliers, formations... au ch\u00e2teau de Brangues en Is\u00e8re, Domaine Paul Claudel, en itin\u00e9rance et dans les \u00e9tablissements scolaires.","robots":{"index":"index","follow":"follow","max-snippet":"max-snippet:-1","max-image-preview":"max-image-preview:large","max-video-preview":"max-video-preview:-1"},"canonical":"https:\/\/rencontres-brangues.fr\/nrb\/rencontres-2022\/","og_locale":"fr_FR","og_type":"article","og_title":"Rencontres 2022 - Rencontres de Brangues","og_description":"Th\u00e9\u00e2tre et po\u00e9sie : conf\u00e9rences, concerts, expositions, spectacles, rencontres, ateliers, formations... au ch\u00e2teau de Brangues en Is\u00e8re, Domaine Paul Claudel, en itin\u00e9rance et dans les \u00e9tablissements scolaires.","og_url":"https:\/\/rencontres-brangues.fr\/nrb\/rencontres-2022\/","og_site_name":"Rencontres de Brangues","article_published_time":"2022-04-20T05:50:25+00:00","article_modified_time":"2023-05-17T07:00:58+00:00","og_image":[{"url":"https:\/\/rencontres-brangues.fr\/nrb\/wp-content\/uploads\/electre.jpg","type":"","width":"","height":""}],"author":"cyber","twitter_card":"summary_large_image","twitter_misc":{"\u00c9crit par":"cyber","Dur\u00e9e de lecture estim\u00e9e":"9 minutes"},"schema":{"@context":"https:\/\/schema.org","@graph":[{"@type":"Article","@id":"https:\/\/rencontres-brangues.fr\/nrb\/rencontres-2022\/#article","isPartOf":{"@id":"https:\/\/rencontres-brangues.fr\/nrb\/rencontres-2022\/"},"author":{"name":"cyber","@id":"https:\/\/rencontres-brangues.fr\/nrb\/#\/schema\/person\/8efc73a47403742c42b376ce0789da85"},"headline":"Rencontres 2022","datePublished":"2022-04-20T05:50:25+00:00","dateModified":"2023-05-17T07:00:58+00:00","mainEntityOfPage":{"@id":"https:\/\/rencontres-brangues.fr\/nrb\/rencontres-2022\/"},"wordCount":1661,"publisher":{"@id":"https:\/\/rencontres-brangues.fr\/nrb\/#organization"},"image":{"@id":"https:\/\/rencontres-brangues.fr\/nrb\/rencontres-2022\/#primaryimage"},"thumbnailUrl":"https:\/\/rencontres-brangues.fr\/nrb\/wp-content\/uploads\/electre.jpg","articleSection":["Programmation","Les Rencontres","Rencontres 2022"],"inLanguage":"fr-FR"},{"@type":"WebPage","@id":"https:\/\/rencontres-brangues.fr\/nrb\/rencontres-2022\/","url":"https:\/\/rencontres-brangues.fr\/nrb\/rencontres-2022\/","name":"Rencontres 2022 - Rencontres de Brangues","isPartOf":{"@id":"https:\/\/rencontres-brangues.fr\/nrb\/#website"},"primaryImageOfPage":{"@id":"https:\/\/rencontres-brangues.fr\/nrb\/rencontres-2022\/#primaryimage"},"image":{"@id":"https:\/\/rencontres-brangues.fr\/nrb\/rencontres-2022\/#primaryimage"},"thumbnailUrl":"https:\/\/rencontres-brangues.fr\/nrb\/wp-content\/uploads\/electre.jpg","datePublished":"2022-04-20T05:50:25+00:00","dateModified":"2023-05-17T07:00:58+00:00","description":"Th\u00e9\u00e2tre et po\u00e9sie : conf\u00e9rences, concerts, expositions, spectacles, rencontres, ateliers, formations... au ch\u00e2teau de Brangues en Is\u00e8re, Domaine Paul Claudel, en itin\u00e9rance et dans les \u00e9tablissements scolaires.","breadcrumb":{"@id":"https:\/\/rencontres-brangues.fr\/nrb\/rencontres-2022\/#breadcrumb"},"inLanguage":"fr-FR","potentialAction":[{"@type":"ReadAction","target":["https:\/\/rencontres-brangues.fr\/nrb\/rencontres-2022\/"]}]},{"@type":"ImageObject","inLanguage":"fr-FR","@id":"https:\/\/rencontres-brangues.fr\/nrb\/rencontres-2022\/#primaryimage","url":"https:\/\/rencontres-brangues.fr\/nrb\/wp-content\/uploads\/electre.jpg","contentUrl":"https:\/\/rencontres-brangues.fr\/nrb\/wp-content\/uploads\/electre.jpg","width":2048,"height":1536,"caption":"Electre - Rencontres 2022"},{"@type":"BreadcrumbList","@id":"https:\/\/rencontres-brangues.fr\/nrb\/rencontres-2022\/#breadcrumb","itemListElement":[{"@type":"ListItem","position":1,"name":"Accueil","item":"https:\/\/rencontres-brangues.fr\/nrb\/"},{"@type":"ListItem","position":2,"name":"Rencontres 2022"}]},{"@type":"WebSite","@id":"https:\/\/rencontres-brangues.fr\/nrb\/#website","url":"https:\/\/rencontres-brangues.fr\/nrb\/","name":"Rencontres de Brangues","description":"th\u00e9\u00e2tre, musique, po\u00e9sie","publisher":{"@id":"https:\/\/rencontres-brangues.fr\/nrb\/#organization"},"potentialAction":[{"@type":"SearchAction","target":{"@type":"EntryPoint","urlTemplate":"https:\/\/rencontres-brangues.fr\/nrb\/?s={search_term_string}"},"query-input":{"@type":"PropertyValueSpecification","valueRequired":true,"valueName":"search_term_string"}}],"inLanguage":"fr-FR"},{"@type":"Organization","@id":"https:\/\/rencontres-brangues.fr\/nrb\/#organization","name":"Nouvelles Rencontres de Brangues","url":"https:\/\/rencontres-brangues.fr\/nrb\/","logo":{"@type":"ImageObject","inLanguage":"fr-FR","@id":"https:\/\/rencontres-brangues.fr\/nrb\/#\/schema\/logo\/image\/","url":"https:\/\/www.rencontres-brangues.fr\/nrb\/wp-content\/uploads\/petit-logo-nrb.png","contentUrl":"https:\/\/www.rencontres-brangues.fr\/nrb\/wp-content\/uploads\/petit-logo-nrb.png","width":306,"height":306,"caption":"Nouvelles Rencontres de Brangues"},"image":{"@id":"https:\/\/rencontres-brangues.fr\/nrb\/#\/schema\/logo\/image\/"}},{"@type":"Person","@id":"https:\/\/rencontres-brangues.fr\/nrb\/#\/schema\/person\/8efc73a47403742c42b376ce0789da85","name":"cyber","sameAs":["https:\/\/www.rencontres-brangues.fr\/nrb"]}]}},"uagb_featured_image_src":{"full":false,"thumbnail":false,"medium":false,"medium_large":false,"large":false,"1536x1536":false,"2048x2048":false,"woocommerce_thumbnail":false,"woocommerce_single":false,"woocommerce_gallery_thumbnail":false},"uagb_author_info":{"display_name":"cyber","author_link":"https:\/\/rencontres-brangues.fr\/nrb\/author\/cyber\/"},"uagb_comment_info":0,"uagb_excerpt":"Du 20 au 26 juin 2022 Au programme : Pour le r\u00e9pertoire Sophocle, et P\u00e9guy, sans oublier Paul Claudel le patron Pour les plus jeunes toute l\u2019\u0153uvre de Moli\u00e8re en ses d\u00e9buts Pour les plus petits encore des contes russes. Pour la po\u00e9sie contemporaine une c\u00e9l\u00e9bration de la collection Po\u00e9sie Gallimard...","_links":{"self":[{"href":"https:\/\/rencontres-brangues.fr\/nrb\/wp-json\/wp\/v2\/posts\/1207","targetHints":{"allow":["GET"]}}],"collection":[{"href":"https:\/\/rencontres-brangues.fr\/nrb\/wp-json\/wp\/v2\/posts"}],"about":[{"href":"https:\/\/rencontres-brangues.fr\/nrb\/wp-json\/wp\/v2\/types\/post"}],"author":[{"embeddable":true,"href":"https:\/\/rencontres-brangues.fr\/nrb\/wp-json\/wp\/v2\/users\/1"}],"replies":[{"embeddable":true,"href":"https:\/\/rencontres-brangues.fr\/nrb\/wp-json\/wp\/v2\/comments?post=1207"}],"version-history":[{"count":126,"href":"https:\/\/rencontres-brangues.fr\/nrb\/wp-json\/wp\/v2\/posts\/1207\/revisions"}],"predecessor-version":[{"id":2387,"href":"https:\/\/rencontres-brangues.fr\/nrb\/wp-json\/wp\/v2\/posts\/1207\/revisions\/2387"}],"wp:attachment":[{"href":"https:\/\/rencontres-brangues.fr\/nrb\/wp-json\/wp\/v2\/media?parent=1207"}],"wp:term":[{"taxonomy":"category","embeddable":true,"href":"https:\/\/rencontres-brangues.fr\/nrb\/wp-json\/wp\/v2\/categories?post=1207"},{"taxonomy":"post_tag","embeddable":true,"href":"https:\/\/rencontres-brangues.fr\/nrb\/wp-json\/wp\/v2\/tags?post=1207"}],"curies":[{"name":"wp","href":"https:\/\/api.w.org\/{rel}","templated":true}]}}